{"id":38808,"date":"2025-06-30T09:57:03","date_gmt":"2025-06-30T06:57:03","guid":{"rendered":"https:\/\/www.egemtv.com\/?p=38808"},"modified":"2025-06-30T09:57:08","modified_gmt":"2025-06-30T06:57:08","slug":"denizlide-kayit-disi-istihdam-ve-insan-ticaretine-yonelik-deneti-yapildi","status":"publish","type":"post","link":"https:\/\/www.egemtv.com\/?p=38808","title":{"rendered":"Denizli\u2019de kay\u0131t d\u0131\u015f\u0131 istihdam ve insan ticaretine y\u00f6nelik deneti yap\u0131ld\u0131"},"content":{"rendered":"<p>Denizli Emniyet M\u00fcd\u00fcrl\u00fc\u011f\u00fcne ba\u011fl\u0131 ekipler, kent genelindeki kay\u0131t d\u0131\u015f\u0131 istihdam ve insan ticaretiyle m\u00fccadele kapsam\u0131nda ger\u00e7ekle\u015ftirdi\u011fi Huzur uygulamas\u0131nda denetlenen 58 i\u015fyerinden 15\u2019ine i\u015flem yapt\u0131.<br \/>\n<br \/>Denizli Emniyet M\u00fcd\u00fcrl\u00fc\u011f\u00fcne ba\u011fl\u0131 35 ekip, 97 personel ile kent genelinde kay\u0131t d\u0131\u015f\u0131 istihdam ve insan ticaretiyle m\u00fccadele kapsam\u0131nda huzur uygulamas\u0131 ger\u00e7ekle\u015ftirdi. Polis ekipleri taraf\u0131ndan 58 i\u015fyeri, 483 T\u00fcrk vatanda\u015f\u0131, 46\u2019s\u0131 yabanc\u0131 uyruklu \u015fahs\u0131n sorgusunu ger\u00e7ekle\u015ftirdi. Uygulama kapsam\u0131nda yap\u0131lan denetimlerde ihlalleri bulunan 15 umuma a\u00e7\u0131k i\u015fyeri ve 2\u2019si yabanc\u0131 uyruklu olmak \u00fczere 27 \u015fahsa i\u015flem yap\u0131ld\u0131. Vize ihlali tespit edilen bir yabanc\u0131 uyruklu \u015fah\u0131s ise \u0130l G\u00f6\u00e7 \u0130daresi M\u00fcd\u00fcrl\u00fc\u011f\u00fc Geri G\u00f6nderme Merkezini ve D\u00fczensiz G\u00f6\u00e7men \u00d6n Kabul ve Sevk Merkezi\u2019ne (G\u00d6KSEM) teslim edildi.<br \/><\/p>\n","protected":false},"excerpt":{"rendered":"<p>Denizli Emniyet M\u00fcd\u00fcrl\u00fc\u011f\u00fcne ba\u011fl\u0131 ekipler, kent genelindeki kay\u0131t d\u0131\u015f\u0131 istihdam ve insan ticaretiyle m\u00fccadele kapsam\u0131nda ger\u00e7ekle\u015ftirdi\u011fi Huzur uygulamas\u0131nda denetlenen 58 i\u015fyerinden 15\u2019ine i\u015flem yapt\u0131. Denizli Emniyet M\u00fcd\u00fcrl\u00fc\u011f\u00fcne ba\u011fl\u0131 35 ekip, 97 personel ile kent genelinde kay\u0131t d\u0131\u015f\u0131 istihdam ve insan ticaretiyle m\u00fccadele kapsam\u0131nda huzur uygulamas\u0131 ger\u00e7ekle\u015ftirdi. Polis ekipleri taraf\u0131ndan 58 i\u015fyeri, 483 T\u00fcrk vatanda\u015f\u0131, 46\u2019s\u0131&#8230;<\/p>\n","protected":false},"author":1,"featured_media":38809,"comment_status":"open","ping_status":"open","sticky":false,"template":"","format":"standard","meta":{"_crdt_document":"","footnotes":""},"categories":[5],"tags":[],"class_list":["post-38808","post","type-post","status-publish","format-standard","has-post-thumbnail","hentry","category-asayis"],"_links":{"self":[{"href":"https:\/\/www.egemtv.com\/index.php?rest_route=\/wp\/v2\/posts\/38808","targetHints":{"allow":["GET"]}}],"collection":[{"href":"https:\/\/www.egemtv.com\/index.php?rest_route=\/wp\/v2\/posts"}],"about":[{"href":"https:\/\/www.egemtv.com\/index.php?rest_route=\/wp\/v2\/types\/post"}],"author":[{"embeddable":true,"href":"https:\/\/www.egemtv.com\/index.php?rest_route=\/wp\/v2\/users\/1"}],"replies":[{"embeddable":true,"href":"https:\/\/www.egemtv.com\/index.php?rest_route=%2Fwp%2Fv2%2Fcomments&post=38808"}],"version-history":[{"count":1,"href":"https:\/\/www.egemtv.com\/index.php?rest_route=\/wp\/v2\/posts\/38808\/revisions"}],"predecessor-version":[{"id":38810,"href":"https:\/\/www.egemtv.com\/index.php?rest_route=\/wp\/v2\/posts\/38808\/revisions\/38810"}],"wp:featuredmedia":[{"embeddable":true,"href":"https:\/\/www.egemtv.com\/index.php?rest_route=\/wp\/v2\/media\/38809"}],"wp:attachment":[{"href":"https:\/\/www.egemtv.com\/index.php?rest_route=%2Fwp%2Fv2%2Fmedia&parent=38808"}],"wp:term":[{"taxonomy":"category","embeddable":true,"href":"https:\/\/www.egemtv.com\/index.php?rest_route=%2Fwp%2Fv2%2Fcategories&post=38808"},{"taxonomy":"post_tag","embeddable":true,"href":"https:\/\/www.egemtv.com\/index.php?rest_route=%2Fwp%2Fv2%2Ftags&post=38808"}],"curies":[{"name":"wp","href":"https:\/\/api.w.org\/{rel}","templated":true}]}}