{"id":38805,"date":"2025-06-30T09:57:02","date_gmt":"2025-06-30T06:57:02","guid":{"rendered":"https:\/\/www.egemtv.com\/?p=38805"},"modified":"2025-06-30T09:57:03","modified_gmt":"2025-06-30T06:57:03","slug":"baskan-gencay-dogamizi-gelecegimizi-hep-birlikte-savunmaya-devam-edecegiz","status":"publish","type":"post","link":"https:\/\/www.egemtv.com\/?p=38805","title":{"rendered":"Ba\u015fkan Gen\u00e7ay: &#8220;Do\u011fam\u0131z\u0131, gelece\u011fimizi hep birlikte savunmaya devam edece\u011fiz&#8221;"},"content":{"rendered":"<p>Ayd\u0131n\u2019\u0131n Didim il\u00e7esinde makilik alanda \u00e7\u0131kan yang\u0131n ekiplerin havadan ve karadan m\u00fcdahalesi ile kontrol alt\u0131na al\u0131n\u0131rken, b\u00f6lgede incelemelerde bulunan Didim Belediye Ba\u015fkan\u0131 Hatice Gen\u00e7ay, &#8220;Do\u011fam\u0131z\u0131, gelece\u011fimizi hep birlikte savunmaya devam edece\u011fiz&#8221; dedi.<\/p>\n<p>Yang\u0131n, Fevzipa\u015fa Mahallesi yak\u0131nlar\u0131ndaki makilik alanda 29 Haziran Pazar g\u00fcn\u00fc saat 11.00 s\u0131ralar\u0131nda meydana geldi. Edinilen bilgiye g\u00f6re alandan alevlerin y\u00fckseldi\u011fini fark eden vatanda\u015flar durumu 112 Acil \u00c7a\u011fr\u0131 Merkezi\u2019ne bildirdi. \u0130hbar \u00fczerine b\u00f6lgeye Ayd\u0131n B\u00fcy\u00fck\u015fehir Belediyesi \u0130tfaiye Daire Ba\u015fkanl\u0131\u011f\u0131 ve Mu\u011fla Orman B\u00f6lge M\u00fcd\u00fcrl\u00fc\u011f\u00fc ekipleri sevk edildi. K\u0131sa s\u00fcrede olay yerine gelen ekipler alevlere karadan m\u00fcdahale ederken, Mu\u011fla Orman B\u00f6lge M\u00fcd\u00fcrl\u00fc\u011f\u00fc\u2019ne ba\u011fl\u0131 helikopter ve u\u00e7aklar da havadan destek verdi. Ekiplerin karadan ve havadan yo\u011fun m\u00fcdahalesi ile yang\u0131n kontrol alt\u0131na al\u0131nd\u0131.<\/p>\n<p>B\u00f6lgede incelemelerde bulunan Didim Belediye Ba\u015fkan\u0131 Hatice Gen\u00e7ay, &#8220;Denizk\u00f6y Mahallemizde, Atat\u00fcrk Caddesi ve S\u00f6ke Caddesi \u00e7evresinde \u00e7\u0131kan yang\u0131n hepimizi derinden \u00fczd\u00fc. Yang\u0131n\u0131n ba\u015flad\u0131\u011f\u0131 ilk andan itibaren olay yerindeydim. Belediye ekiplerimizle birlikte, ilgili t\u00fcm kurumlarla tam bir koordinasyon i\u00e7inde, b\u00fcy\u00fck bir \u00f6zveri ve kararl\u0131l\u0131kla yang\u0131na m\u00fcdahale ettik. Didim Kaymakam\u0131m\u0131z Can Kaz\u0131m Kuruca, AFAD Ayd\u0131n \u0130l M\u00fcd\u00fcr\u00fc Yal\u00e7\u0131n Mumcu, \u0130l\u00e7e Jandarma Komutan\u0131 Kd. Yzb. Mustafa Gani Solak, \u0130l\u00e7e Tar\u0131m M\u00fcd\u00fcr\u00fc Alamettin Hatipo\u011flu, Didim \u0130tfaiye M\u00fcd\u00fcr\u00fc Azim Kaplan, S\u00f6ke Orman \u015eefi Serkan \u00d6zden, Ku\u015fadas\u0131 Belediyesi ekipleri ve belediyemiz birim amirleriyle birlikte, hepimiz sahadayd\u0131k. Ayn\u0131 hedefle, ayn\u0131 sorumlulukla verdi\u011fimiz bu ortak m\u00fccadele sonucu yang\u0131n\u0131 k\u0131sa s\u00fcrede kontrol alt\u0131na almay\u0131 ba\u015fard\u0131k. Do\u011fam\u0131z\u0131, gelece\u011fimizi hep birlikte savunmaya devam edece\u011fiz&#8221; ifadelerini kulland\u0131.<br \/><\/p>\n","protected":false},"excerpt":{"rendered":"<p>Ayd\u0131n\u2019\u0131n Didim il\u00e7esinde makilik alanda \u00e7\u0131kan yang\u0131n ekiplerin havadan ve karadan m\u00fcdahalesi ile kontrol alt\u0131na al\u0131n\u0131rken, b\u00f6lgede incelemelerde bulunan Didim Belediye Ba\u015fkan\u0131 Hatice Gen\u00e7ay, &#8220;Do\u011fam\u0131z\u0131, gelece\u011fimizi hep birlikte savunmaya devam edece\u011fiz&#8221; dedi. Yang\u0131n, Fevzipa\u015fa Mahallesi yak\u0131nlar\u0131ndaki makilik alanda 29 Haziran Pazar g\u00fcn\u00fc saat 11.00 s\u0131ralar\u0131nda meydana geldi. Edinilen bilgiye g\u00f6re alandan alevlerin y\u00fckseldi\u011fini fark eden&#8230;<\/p>\n","protected":false},"author":1,"featured_media":38806,"comment_status":"open","ping_status":"open","sticky":false,"template":"","format":"standard","meta":{"_crdt_document":"","footnotes":""},"categories":[1],"tags":[],"class_list":["post-38805","post","type-post","status-publish","format-standard","has-post-thumbnail","hentry","category-guncel"],"_links":{"self":[{"href":"https:\/\/www.egemtv.com\/index.php?rest_route=\/wp\/v2\/posts\/38805","targetHints":{"allow":["GET"]}}],"collection":[{"href":"https:\/\/www.egemtv.com\/index.php?rest_route=\/wp\/v2\/posts"}],"about":[{"href":"https:\/\/www.egemtv.com\/index.php?rest_route=\/wp\/v2\/types\/post"}],"author":[{"embeddable":true,"href":"https:\/\/www.egemtv.com\/index.php?rest_route=\/wp\/v2\/users\/1"}],"replies":[{"embeddable":true,"href":"https:\/\/www.egemtv.com\/index.php?rest_route=%2Fwp%2Fv2%2Fcomments&post=38805"}],"version-history":[{"count":1,"href":"https:\/\/www.egemtv.com\/index.php?rest_route=\/wp\/v2\/posts\/38805\/revisions"}],"predecessor-version":[{"id":38807,"href":"https:\/\/www.egemtv.com\/index.php?rest_route=\/wp\/v2\/posts\/38805\/revisions\/38807"}],"wp:featuredmedia":[{"embeddable":true,"href":"https:\/\/www.egemtv.com\/index.php?rest_route=\/wp\/v2\/media\/38806"}],"wp:attachment":[{"href":"https:\/\/www.egemtv.com\/index.php?rest_route=%2Fwp%2Fv2%2Fmedia&parent=38805"}],"wp:term":[{"taxonomy":"category","embeddable":true,"href":"https:\/\/www.egemtv.com\/index.php?rest_route=%2Fwp%2Fv2%2Fcategories&post=38805"},{"taxonomy":"post_tag","embeddable":true,"href":"https:\/\/www.egemtv.com\/index.php?rest_route=%2Fwp%2Fv2%2Ftags&post=38805"}],"curies":[{"name":"wp","href":"https:\/\/api.w.org\/{rel}","templated":true}]}}