{"id":38799,"date":"2025-06-30T09:38:14","date_gmt":"2025-06-30T06:38:14","guid":{"rendered":"https:\/\/www.egemtv.com\/?p=38799"},"modified":"2025-06-30T09:38:18","modified_gmt":"2025-06-30T06:38:18","slug":"vali-musa-isin-toplumu-ayakta-tutan-en-buyuk-guc-aile-icindeki-sevgi-ve-bagliliktir","status":"publish","type":"post","link":"https:\/\/www.egemtv.com\/?p=38799","title":{"rendered":"Vali Musa I\u015f\u0131n: &#8220;Toplumu ayakta tutan en b\u00fcy\u00fck g\u00fc\u00e7, aile i\u00e7indeki sevgi ve ba\u011fl\u0131l\u0131kt\u0131r&#8221;"},"content":{"rendered":"<p>K\u00fctahya Valisi Musa I\u015f\u0131n, Saffet Tak ve Hatice Erdo\u011fmu\u015f \u00e7iftinin d\u00fc\u011f\u00fcn ve nik\u00e2h merasimine kat\u0131larak gen\u00e7 \u00e7iftin en mutlu g\u00fcnlerinde yanlar\u0131nda oldu.<br \/>\n<br \/>Ger\u00e7ekle\u015ftirilen d\u00fc\u011f\u00fcn t\u00f6renine 32. Hava Kuvvetleri Komutan\u0131 emekli Orgeneral Hasan K\u00fc\u00e7\u00fckaky\u00fcz, Muharip Hava Kuvvetleri Komutan\u0131 Orgeneral \u0130smail G\u00fcneykaya, Hava Er E\u011fitim Tugay ve Garnizon Komutan\u0131 Hava Tu\u011fgeneral Mustafa Ba\u015f, emekli Tu\u011fgeneral Necati G\u00fcnd\u00fcz, il protokol \u00fcyeleri ve \u00e7ok say\u0131da davetli kat\u0131ld\u0131.<br \/>\n<br \/>Nik\u00e2h, K\u00fctahya Belediye Ba\u015fkan\u0131 Ey\u00fcp Kahveci taraf\u0131ndan k\u0131y\u0131l\u0131rken, Vali Musa I\u015f\u0131n da nik\u00e2h \u015fahidi oldu.<br \/>\n<br \/>T\u00f6rende bir konu\u015fma yapan Vali I\u015f\u0131n, ailenin toplumun temel ta\u015f\u0131 oldu\u011funu belirterek, &#8220;Aile, en g\u00fczel duygulardan biridir ve bir toplumun temelini olu\u015fturan en de\u011ferli yap\u0131d\u0131r. Bizim inanc\u0131m\u0131zda, k\u00fclt\u00fcr\u00fcm\u00fczde ve gelene\u011fimizde aile vazge\u00e7ilmez bir m\u00fcjdedir, birlik ve dirli\u011fimizin g\u00fcvencesidir&#8221; dedi.<br \/>\n<br \/>Toplumun g\u00fc\u00e7l\u00fc kalabilmesi i\u00e7in aile ba\u011flar\u0131n\u0131n korunmas\u0131 gerekti\u011fini vurgulayan Vali I\u015f\u0131n, &#8220;Toplumu ayakta tutan en b\u00fcy\u00fck g\u00fc\u00e7, aile i\u00e7indeki sevgi ve ba\u011fl\u0131l\u0131kt\u0131r. Bu ba\u011flar zay\u0131flad\u0131\u011f\u0131nda toplum da sars\u0131l\u0131r. O y\u00fczden evlilik, birliktelik ve sadakat, hayat\u0131m\u0131z\u0131n en kutsal de\u011ferleri aras\u0131ndad\u0131r&#8221; ifadelerini kulland\u0131.<br \/>\n<br \/>Konu\u015fmas\u0131n\u0131n sonunda gen\u00e7 \u00e7ifte bir \u00f6m\u00fcr boyu mutluluk dileyen Vali I\u015f\u0131n, t\u00f6rene kat\u0131lan t\u00fcm davetlilere te\u015fekk\u00fcr etti.<br \/><\/p>\n","protected":false},"excerpt":{"rendered":"<p>K\u00fctahya Valisi Musa I\u015f\u0131n, Saffet Tak ve Hatice Erdo\u011fmu\u015f \u00e7iftinin d\u00fc\u011f\u00fcn ve nik\u00e2h merasimine kat\u0131larak gen\u00e7 \u00e7iftin en mutlu g\u00fcnlerinde yanlar\u0131nda oldu. Ger\u00e7ekle\u015ftirilen d\u00fc\u011f\u00fcn t\u00f6renine 32. Hava Kuvvetleri Komutan\u0131 emekli Orgeneral Hasan K\u00fc\u00e7\u00fckaky\u00fcz, Muharip Hava Kuvvetleri Komutan\u0131 Orgeneral \u0130smail G\u00fcneykaya, Hava Er E\u011fitim Tugay ve Garnizon Komutan\u0131 Hava Tu\u011fgeneral Mustafa Ba\u015f, emekli Tu\u011fgeneral Necati G\u00fcnd\u00fcz,&#8230;<\/p>\n","protected":false},"author":1,"featured_media":38800,"comment_status":"open","ping_status":"open","sticky":false,"template":"","format":"standard","meta":{"_crdt_document":"","footnotes":""},"categories":[123],"tags":[],"class_list":["post-38799","post","type-post","status-publish","format-standard","has-post-thumbnail","hentry","category-gundem"],"_links":{"self":[{"href":"https:\/\/www.egemtv.com\/index.php?rest_route=\/wp\/v2\/posts\/38799","targetHints":{"allow":["GET"]}}],"collection":[{"href":"https:\/\/www.egemtv.com\/index.php?rest_route=\/wp\/v2\/posts"}],"about":[{"href":"https:\/\/www.egemtv.com\/index.php?rest_route=\/wp\/v2\/types\/post"}],"author":[{"embeddable":true,"href":"https:\/\/www.egemtv.com\/index.php?rest_route=\/wp\/v2\/users\/1"}],"replies":[{"embeddable":true,"href":"https:\/\/www.egemtv.com\/index.php?rest_route=%2Fwp%2Fv2%2Fcomments&post=38799"}],"version-history":[{"count":1,"href":"https:\/\/www.egemtv.com\/index.php?rest_route=\/wp\/v2\/posts\/38799\/revisions"}],"predecessor-version":[{"id":38801,"href":"https:\/\/www.egemtv.com\/index.php?rest_route=\/wp\/v2\/posts\/38799\/revisions\/38801"}],"wp:featuredmedia":[{"embeddable":true,"href":"https:\/\/www.egemtv.com\/index.php?rest_route=\/wp\/v2\/media\/38800"}],"wp:attachment":[{"href":"https:\/\/www.egemtv.com\/index.php?rest_route=%2Fwp%2Fv2%2Fmedia&parent=38799"}],"wp:term":[{"taxonomy":"category","embeddable":true,"href":"https:\/\/www.egemtv.com\/index.php?rest_route=%2Fwp%2Fv2%2Fcategories&post=38799"},{"taxonomy":"post_tag","embeddable":true,"href":"https:\/\/www.egemtv.com\/index.php?rest_route=%2Fwp%2Fv2%2Ftags&post=38799"}],"curies":[{"name":"wp","href":"https:\/\/api.w.org\/{rel}","templated":true}]}}