{"id":38745,"date":"2025-06-29T21:57:32","date_gmt":"2025-06-29T18:57:32","guid":{"rendered":"https:\/\/www.egemtv.com\/?p=38745"},"modified":"2025-06-29T21:57:36","modified_gmt":"2025-06-29T18:57:36","slug":"burdurda-ahsap-balkon-coktu-anne-ve-kizi-yaralandi","status":"publish","type":"post","link":"https:\/\/www.egemtv.com\/?p=38745","title":{"rendered":"Burdur\u2019da ah\u015fap balkon \u00e7\u00f6kt\u00fc: Anne ve k\u0131z\u0131 yaraland\u0131"},"content":{"rendered":"<p>Burdur\u2019un Bucak il\u00e7esinde iki katl\u0131 evin ah\u015fap balkonunun \u00e7\u00f6kmesi sonucu anne ve k\u0131z\u0131 yaraland\u0131.<br \/>\n<br \/>Olay, saat 16.40 s\u0131ralar\u0131nda Bucak il\u00e7esi Y\u00f6r\u00fckler Mahallesi 3307. Sokak\u2019ta meydana geldi. Edinilen bilgilere g\u00f6re, iki katl\u0131 evin ah\u015fap balkonuna \u00e7\u0131kan S.\u00dc. (46) ve k\u0131z\u0131 S.\u00dc. (19), balkonun \u00e7\u00f6kmesi sonucu 2 metre y\u00fckseklikten yere d\u00fc\u015ferek yaraland\u0131. \u00c7evredekilerin 112 Acil \u00c7a\u011fr\u0131 Merkezine ihbar\u0131 \u00fczerine olay yerine itfaiye, sa\u011fl\u0131k ve polis ekipleri sevk edildi. Olay yerine gelen itfaiye ekiplerinin yard\u0131m\u0131yla sedyeye al\u0131nan yaral\u0131lar, sa\u011fl\u0131k ekiplerinin ilk m\u00fcdahalesinin ard\u0131ndan ambulansla Bucak Devlet Hastanesi\u2019ne kald\u0131r\u0131ld\u0131. Sa\u011fl\u0131k durumlar\u0131 iyi olan yaral\u0131lar\u0131n tatil i\u00e7in Bucak\u2019a gelen bir adli yarg\u0131 mensubunun ailesi oldu\u011fu \u00f6\u011frenildi.<br \/><\/p>\n","protected":false},"excerpt":{"rendered":"<p>Burdur\u2019un Bucak il\u00e7esinde iki katl\u0131 evin ah\u015fap balkonunun \u00e7\u00f6kmesi sonucu anne ve k\u0131z\u0131 yaraland\u0131. Olay, saat 16.40 s\u0131ralar\u0131nda Bucak il\u00e7esi Y\u00f6r\u00fckler Mahallesi 3307. Sokak\u2019ta meydana geldi. Edinilen bilgilere g\u00f6re, iki katl\u0131 evin ah\u015fap balkonuna \u00e7\u0131kan S.\u00dc. (46) ve k\u0131z\u0131 S.\u00dc. (19), balkonun \u00e7\u00f6kmesi sonucu 2 metre y\u00fckseklikten yere d\u00fc\u015ferek yaraland\u0131. \u00c7evredekilerin 112 Acil \u00c7a\u011fr\u0131 Merkezine&#8230;<\/p>\n","protected":false},"author":1,"featured_media":38746,"comment_status":"open","ping_status":"open","sticky":false,"template":"","format":"standard","meta":{"_crdt_document":"","footnotes":""},"categories":[5],"tags":[],"class_list":["post-38745","post","type-post","status-publish","format-standard","has-post-thumbnail","hentry","category-asayis"],"_links":{"self":[{"href":"https:\/\/www.egemtv.com\/index.php?rest_route=\/wp\/v2\/posts\/38745","targetHints":{"allow":["GET"]}}],"collection":[{"href":"https:\/\/www.egemtv.com\/index.php?rest_route=\/wp\/v2\/posts"}],"about":[{"href":"https:\/\/www.egemtv.com\/index.php?rest_route=\/wp\/v2\/types\/post"}],"author":[{"embeddable":true,"href":"https:\/\/www.egemtv.com\/index.php?rest_route=\/wp\/v2\/users\/1"}],"replies":[{"embeddable":true,"href":"https:\/\/www.egemtv.com\/index.php?rest_route=%2Fwp%2Fv2%2Fcomments&post=38745"}],"version-history":[{"count":1,"href":"https:\/\/www.egemtv.com\/index.php?rest_route=\/wp\/v2\/posts\/38745\/revisions"}],"predecessor-version":[{"id":38747,"href":"https:\/\/www.egemtv.com\/index.php?rest_route=\/wp\/v2\/posts\/38745\/revisions\/38747"}],"wp:featuredmedia":[{"embeddable":true,"href":"https:\/\/www.egemtv.com\/index.php?rest_route=\/wp\/v2\/media\/38746"}],"wp:attachment":[{"href":"https:\/\/www.egemtv.com\/index.php?rest_route=%2Fwp%2Fv2%2Fmedia&parent=38745"}],"wp:term":[{"taxonomy":"category","embeddable":true,"href":"https:\/\/www.egemtv.com\/index.php?rest_route=%2Fwp%2Fv2%2Fcategories&post=38745"},{"taxonomy":"post_tag","embeddable":true,"href":"https:\/\/www.egemtv.com\/index.php?rest_route=%2Fwp%2Fv2%2Ftags&post=38745"}],"curies":[{"name":"wp","href":"https:\/\/api.w.org\/{rel}","templated":true}]}}