{"id":38727,"date":"2025-06-29T18:57:00","date_gmt":"2025-06-29T15:57:00","guid":{"rendered":"https:\/\/www.egemtv.com\/?p=38727"},"modified":"2025-06-29T18:57:05","modified_gmt":"2025-06-29T15:57:05","slug":"bosanmak-isteyen-karisinin-aracini-kundakladi","status":"publish","type":"post","link":"https:\/\/www.egemtv.com\/?p=38727","title":{"rendered":"Bo\u015fanmak isteyen kar\u0131s\u0131n\u0131n arac\u0131n\u0131 kundaklad\u0131"},"content":{"rendered":"<p>Ayd\u0131n\u2019\u0131n Efeler il\u00e7esinde bir \u015fah\u0131s, bo\u015fanmak isteyen kar\u0131s\u0131n\u0131n arac\u0131n\u0131 ate\u015fe vererek yakt\u0131. G\u00fcvenlik kameralar\u0131ndan tespit edilerek yakalanan koca g\u00f6zalt\u0131na al\u0131nd\u0131.<br \/>\n<br \/>Olay, 28 Haziran Cumartesi g\u00fcn\u00fc ak\u015fam saat 22.15 s\u0131ralar\u0131nda Hasan Efendi Mahallesi K\u0131z\u0131lay Caddesi\u2019nde meydana geldi. Edinilen bilgiye g\u00f6re, park halinde bulunan A.S.\u2019ye ait 35 APL 973 plakal\u0131 otomobilden alevlerin y\u00fckseldi\u011fini fark eden vatanda\u015flar durumu 112 Acil \u00c7a\u011fr\u0131 Merkezi\u2019ne bildirdi. \u0130hbar \u00fczerine b\u00f6lgeye itfaiye ve polis ekipleri sevk edilirken, b\u00f6lgede g\u00f6revli olan bek\u00e7iler de itfaiye ekipleri gelene kadar alevlere yang\u0131n t\u00fcpleriyle m\u00fcdahale etti. K\u0131sa s\u00fcrede olay yerine gelen Ayd\u0131n B\u00fcy\u00fck\u015fehir Belediyesi \u0130tfaiye Daire Ba\u015fkanl\u0131\u011f\u0131 ekipleri yang\u0131n\u0131 kontrol alt\u0131na ald\u0131. Yang\u0131nda otomobil kullan\u0131lamaz hale geldi.<\/p>\n<p>E\u015finin otomobilini kundaklam\u0131\u015f<br \/>\n<br \/>Yang\u0131n haberini al\u0131r almaz otomobilinin ba\u015f\u0131na gelen ara\u00e7 sahibi kad\u0131n \u015fok ge\u00e7irirken, e\u015finin kendisine \u015fiddet uygulad\u0131\u011f\u0131n\u0131 \u00f6ne s\u00fcrerek evi terk etti\u011fini ve e\u015finin kendisine otomobili yakaca\u011f\u0131 y\u00f6n\u00fcnde mesaj att\u0131\u011f\u0131n\u0131 belirtti. Olayla ilgili ara\u015ft\u0131rma ba\u015flatan polis ekipleri, g\u00fcvenlik kameralar\u0131ndan kad\u0131n\u0131n kocas\u0131 B.S.\u2019nin elinde plastik kasa ve yan\u0131c\u0131 madde ile araca yakla\u015ft\u0131\u011f\u0131n\u0131, otomobili ate\u015fe verdikten sonra olay yerinden uzakla\u015ft\u0131\u011f\u0131n\u0131 tespit etti. B.S. polis ekipleri taraf\u0131ndan g\u00f6zalt\u0131na al\u0131narak emniyete g\u00f6t\u00fcr\u00fcld\u00fc.<\/p>\n<p>Olay g\u00fcvenlik kameralar\u0131na yans\u0131d\u0131<br \/>\n<br \/>Otomobili kundaklama an\u0131 ise \u00e7evredeki i\u015f yerlerinin g\u00fcvenlik kameralar\u0131na yans\u0131d\u0131. Kameralar taraf\u0131ndan anbean kaydedilen g\u00f6r\u00fcnt\u00fclerde elinde plastik malzemelerle otomobilin bulundu\u011fu yere gelen \u015fahs\u0131n otomobili kundaklad\u0131\u011f\u0131 ve sonras\u0131nda b\u00f6lgeden ayr\u0131ld\u0131\u011f\u0131 anlar yer ald\u0131.<br \/>\n<br \/>Olayla ilgili soru\u015fturma s\u00fcr\u00fcyor.<br \/><\/p>\n","protected":false},"excerpt":{"rendered":"<p>Ayd\u0131n\u2019\u0131n Efeler il\u00e7esinde bir \u015fah\u0131s, bo\u015fanmak isteyen kar\u0131s\u0131n\u0131n arac\u0131n\u0131 ate\u015fe vererek yakt\u0131. G\u00fcvenlik kameralar\u0131ndan tespit edilerek yakalanan koca g\u00f6zalt\u0131na al\u0131nd\u0131. Olay, 28 Haziran Cumartesi g\u00fcn\u00fc ak\u015fam saat 22.15 s\u0131ralar\u0131nda Hasan Efendi Mahallesi K\u0131z\u0131lay Caddesi\u2019nde meydana geldi. Edinilen bilgiye g\u00f6re, park halinde bulunan A.S.\u2019ye ait 35 APL 973 plakal\u0131 otomobilden alevlerin y\u00fckseldi\u011fini fark eden vatanda\u015flar durumu&#8230;<\/p>\n","protected":false},"author":1,"featured_media":38728,"comment_status":"open","ping_status":"open","sticky":false,"template":"","format":"standard","meta":{"_crdt_document":"","footnotes":""},"categories":[5],"tags":[],"class_list":["post-38727","post","type-post","status-publish","format-standard","has-post-thumbnail","hentry","category-asayis"],"_links":{"self":[{"href":"https:\/\/www.egemtv.com\/index.php?rest_route=\/wp\/v2\/posts\/38727","targetHints":{"allow":["GET"]}}],"collection":[{"href":"https:\/\/www.egemtv.com\/index.php?rest_route=\/wp\/v2\/posts"}],"about":[{"href":"https:\/\/www.egemtv.com\/index.php?rest_route=\/wp\/v2\/types\/post"}],"author":[{"embeddable":true,"href":"https:\/\/www.egemtv.com\/index.php?rest_route=\/wp\/v2\/users\/1"}],"replies":[{"embeddable":true,"href":"https:\/\/www.egemtv.com\/index.php?rest_route=%2Fwp%2Fv2%2Fcomments&post=38727"}],"version-history":[{"count":1,"href":"https:\/\/www.egemtv.com\/index.php?rest_route=\/wp\/v2\/posts\/38727\/revisions"}],"predecessor-version":[{"id":38729,"href":"https:\/\/www.egemtv.com\/index.php?rest_route=\/wp\/v2\/posts\/38727\/revisions\/38729"}],"wp:featuredmedia":[{"embeddable":true,"href":"https:\/\/www.egemtv.com\/index.php?rest_route=\/wp\/v2\/media\/38728"}],"wp:attachment":[{"href":"https:\/\/www.egemtv.com\/index.php?rest_route=%2Fwp%2Fv2%2Fmedia&parent=38727"}],"wp:term":[{"taxonomy":"category","embeddable":true,"href":"https:\/\/www.egemtv.com\/index.php?rest_route=%2Fwp%2Fv2%2Fcategories&post=38727"},{"taxonomy":"post_tag","embeddable":true,"href":"https:\/\/www.egemtv.com\/index.php?rest_route=%2Fwp%2Fv2%2Ftags&post=38727"}],"curies":[{"name":"wp","href":"https:\/\/api.w.org\/{rel}","templated":true}]}}