{"id":38724,"date":"2025-06-29T18:56:55","date_gmt":"2025-06-29T15:56:55","guid":{"rendered":"https:\/\/www.egemtv.com\/?p=38724"},"modified":"2025-06-29T18:57:00","modified_gmt":"2025-06-29T15:57:00","slug":"nazilli-belediyesinden-isabeylideki-yanginin-sondurme-calismalarina-destek","status":"publish","type":"post","link":"https:\/\/www.egemtv.com\/?p=38724","title":{"rendered":"Nazilli Belediyesi\u2019nden \u0130sabeyli\u2019deki yang\u0131n\u0131n s\u00f6nd\u00fcrme \u00e7al\u0131\u015fmalar\u0131na destek"},"content":{"rendered":"<p>Nazilli Belediyesi ekipleri, \u0130sabeyli Mahallesi\u2019nde \u00e7\u0131kan yang\u0131n\u0131n s\u00f6nd\u00fcrme \u00e7al\u0131\u015fmalar\u0131na destek verdi.<\/p>\n<p>\u0130sabeyli Mahallesi\u2019nde \u00e7\u0131kan yang\u0131n, belediye ekipleri ve itfaiyenin koordineli \u00e7al\u0131\u015fmas\u0131yla k\u0131sa s\u00fcrede kontrol alt\u0131na al\u0131nd\u0131. Nazilli Belediye Ba\u015fkan\u0131 Op. Dr. Ertu\u011frul Tetik yapt\u0131\u011f\u0131 a\u00e7\u0131klamada, &#8220;Belediyemiz t\u00fcm imkanlar\u0131yla s\u00f6nd\u00fcrme \u00e7al\u0131\u015fmalar\u0131na destek verdi. Bu \u00fcz\u00fcc\u00fc olay, yaz aylar\u0131nda artan yang\u0131n riskine kar\u015f\u0131 daha dikkatli ve tedbirli olmam\u0131z gerekti\u011fini bir kez daha hat\u0131rlatt\u0131. T\u00fcm hem\u015fehrilerimize ge\u00e7mi\u015f olsun dileklerimi iletiyorum&#8221; dedi. Ba\u015fkan Tetik, \u00f6zellikle yaz aylar\u0131nda yang\u0131n riskine kar\u015f\u0131 vatanda\u015flar\u0131 daha duyarl\u0131 olmaya davet etti.<\/p>\n<p>Yang\u0131n\u0131n \u00e7\u0131k\u0131\u015f sebebiyle ilgili gerekli incelemeler devam ederken, Nazilli Belediyesi ekipleri b\u00f6lgede so\u011futma \u00e7al\u0131\u015fmalar\u0131n\u0131 s\u00fcrd\u00fcr\u00fcyor.<br \/><\/p>\n","protected":false},"excerpt":{"rendered":"<p>Nazilli Belediyesi ekipleri, \u0130sabeyli Mahallesi\u2019nde \u00e7\u0131kan yang\u0131n\u0131n s\u00f6nd\u00fcrme \u00e7al\u0131\u015fmalar\u0131na destek verdi. \u0130sabeyli Mahallesi\u2019nde \u00e7\u0131kan yang\u0131n, belediye ekipleri ve itfaiyenin koordineli \u00e7al\u0131\u015fmas\u0131yla k\u0131sa s\u00fcrede kontrol alt\u0131na al\u0131nd\u0131. Nazilli Belediye Ba\u015fkan\u0131 Op. Dr. Ertu\u011frul Tetik yapt\u0131\u011f\u0131 a\u00e7\u0131klamada, &#8220;Belediyemiz t\u00fcm imkanlar\u0131yla s\u00f6nd\u00fcrme \u00e7al\u0131\u015fmalar\u0131na destek verdi. Bu \u00fcz\u00fcc\u00fc olay, yaz aylar\u0131nda artan yang\u0131n riskine kar\u015f\u0131 daha dikkatli ve tedbirli&#8230;<\/p>\n","protected":false},"author":1,"featured_media":38725,"comment_status":"open","ping_status":"open","sticky":false,"template":"","format":"standard","meta":{"_crdt_document":"","footnotes":""},"categories":[1],"tags":[],"class_list":["post-38724","post","type-post","status-publish","format-standard","has-post-thumbnail","hentry","category-guncel"],"_links":{"self":[{"href":"https:\/\/www.egemtv.com\/index.php?rest_route=\/wp\/v2\/posts\/38724","targetHints":{"allow":["GET"]}}],"collection":[{"href":"https:\/\/www.egemtv.com\/index.php?rest_route=\/wp\/v2\/posts"}],"about":[{"href":"https:\/\/www.egemtv.com\/index.php?rest_route=\/wp\/v2\/types\/post"}],"author":[{"embeddable":true,"href":"https:\/\/www.egemtv.com\/index.php?rest_route=\/wp\/v2\/users\/1"}],"replies":[{"embeddable":true,"href":"https:\/\/www.egemtv.com\/index.php?rest_route=%2Fwp%2Fv2%2Fcomments&post=38724"}],"version-history":[{"count":1,"href":"https:\/\/www.egemtv.com\/index.php?rest_route=\/wp\/v2\/posts\/38724\/revisions"}],"predecessor-version":[{"id":38726,"href":"https:\/\/www.egemtv.com\/index.php?rest_route=\/wp\/v2\/posts\/38724\/revisions\/38726"}],"wp:featuredmedia":[{"embeddable":true,"href":"https:\/\/www.egemtv.com\/index.php?rest_route=\/wp\/v2\/media\/38725"}],"wp:attachment":[{"href":"https:\/\/www.egemtv.com\/index.php?rest_route=%2Fwp%2Fv2%2Fmedia&parent=38724"}],"wp:term":[{"taxonomy":"category","embeddable":true,"href":"https:\/\/www.egemtv.com\/index.php?rest_route=%2Fwp%2Fv2%2Fcategories&post=38724"},{"taxonomy":"post_tag","embeddable":true,"href":"https:\/\/www.egemtv.com\/index.php?rest_route=%2Fwp%2Fv2%2Ftags&post=38724"}],"curies":[{"name":"wp","href":"https:\/\/api.w.org\/{rel}","templated":true}]}}