{"id":38718,"date":"2025-06-29T18:36:08","date_gmt":"2025-06-29T15:36:08","guid":{"rendered":"https:\/\/www.egemtv.com\/?p=38718"},"modified":"2025-06-29T18:36:12","modified_gmt":"2025-06-29T15:36:12","slug":"aydindaki-yanginlar-kontrol-altina-alindi","status":"publish","type":"post","link":"https:\/\/www.egemtv.com\/?p=38718","title":{"rendered":"Ayd\u0131n\u2019daki yang\u0131nlar kontrol alt\u0131na al\u0131nd\u0131"},"content":{"rendered":"<p>Ayd\u0131n\u2019\u0131n Nazilli il\u00e7esinde \u0130sabeyli ve Be\u011ferli mahallelerinde \u00e7\u0131kan yang\u0131nlar kontrol alt\u0131na al\u0131nd\u0131. Yang\u0131nlarda 2 ba\u011f evi zarar g\u00f6rd\u00fc.<br \/>\n<br \/>Yang\u0131nlardan ilki \u0130sabeyli Mahallesi\u2019ndeki tar\u0131m arazinde meydana geldi. Edinilen bilgiye g\u00f6re, tar\u0131m arazisinden alevlerin y\u00fckseldi\u011fini fark eden vatanda\u015flar durumu 112 Acil \u00c7a\u011fr\u0131 Merkezi\u2019ne bildirdi. \u0130hbar \u00fczerine b\u00f6lgeye Ayd\u0131n B\u00fcy\u00fck\u015fehir Belediyesi \u0130tfaiye Daire Ba\u015fkanl\u0131\u011f\u0131 ve Mu\u011fla Orman B\u00f6lge M\u00fcd\u00fcrl\u00fc\u011f\u00fc ekipleri sevk edildi. \u0130sabeyli Mahallesi\u2019ndeki yang\u0131n\u0131n ard\u0131ndan bir di\u011fer yang\u0131n haberi de Be\u011ferli Mahallesi\u2019nden geldi. Yang\u0131n ihbar\u0131 \u00fczerine h\u0131zla olay yerine gelen itfaiye ve orman ekipleri alevlere m\u00fcdahale etti. B\u00f6lgedeki vatanda\u015flar\u0131n da deste\u011fiyle ekipler, havadan ve karadan yo\u011fun m\u00fcdahale sonucu her iki b\u00f6lgedeki alevleriu kontrol alt\u0131na ald\u0131.<\/p>\n<p>2 ba\u011f evi zarar g\u00f6rd\u00fc<br \/>\n<br \/>\u0130sabeyli Mahallesi\u2019ndeki yang\u0131nda r\u00fczgar\u0131n da etkisiyle h\u0131zla b\u00fcy\u00fcyen alevler nedeniyle 2 ba\u011f evi zarar g\u00f6rd\u00fc. Nazilli Kaymakam\u0131 Huriye K\u00fcpeli Kan yang\u0131n b\u00f6lgesine gelerek yetkililerden \u00e7al\u0131\u015fmalar ve meydana gelen zarar hakk\u0131nda bilgi ald\u0131. Kontrol alt\u0131na al\u0131nan yang\u0131n b\u00f6lgelerinde so\u011futma \u00e7al\u0131\u015fmalar\u0131 s\u00fcr\u00fcyor.<br \/><\/p>\n","protected":false},"excerpt":{"rendered":"<p>Ayd\u0131n\u2019\u0131n Nazilli il\u00e7esinde \u0130sabeyli ve Be\u011ferli mahallelerinde \u00e7\u0131kan yang\u0131nlar kontrol alt\u0131na al\u0131nd\u0131. Yang\u0131nlarda 2 ba\u011f evi zarar g\u00f6rd\u00fc. Yang\u0131nlardan ilki \u0130sabeyli Mahallesi\u2019ndeki tar\u0131m arazinde meydana geldi. Edinilen bilgiye g\u00f6re, tar\u0131m arazisinden alevlerin y\u00fckseldi\u011fini fark eden vatanda\u015flar durumu 112 Acil \u00c7a\u011fr\u0131 Merkezi\u2019ne bildirdi. \u0130hbar \u00fczerine b\u00f6lgeye Ayd\u0131n B\u00fcy\u00fck\u015fehir Belediyesi \u0130tfaiye Daire Ba\u015fkanl\u0131\u011f\u0131 ve Mu\u011fla Orman B\u00f6lge&#8230;<\/p>\n","protected":false},"author":1,"featured_media":38719,"comment_status":"open","ping_status":"open","sticky":false,"template":"","format":"standard","meta":{"_crdt_document":"","footnotes":""},"categories":[5],"tags":[],"class_list":["post-38718","post","type-post","status-publish","format-standard","has-post-thumbnail","hentry","category-asayis"],"_links":{"self":[{"href":"https:\/\/www.egemtv.com\/index.php?rest_route=\/wp\/v2\/posts\/38718","targetHints":{"allow":["GET"]}}],"collection":[{"href":"https:\/\/www.egemtv.com\/index.php?rest_route=\/wp\/v2\/posts"}],"about":[{"href":"https:\/\/www.egemtv.com\/index.php?rest_route=\/wp\/v2\/types\/post"}],"author":[{"embeddable":true,"href":"https:\/\/www.egemtv.com\/index.php?rest_route=\/wp\/v2\/users\/1"}],"replies":[{"embeddable":true,"href":"https:\/\/www.egemtv.com\/index.php?rest_route=%2Fwp%2Fv2%2Fcomments&post=38718"}],"version-history":[{"count":1,"href":"https:\/\/www.egemtv.com\/index.php?rest_route=\/wp\/v2\/posts\/38718\/revisions"}],"predecessor-version":[{"id":38720,"href":"https:\/\/www.egemtv.com\/index.php?rest_route=\/wp\/v2\/posts\/38718\/revisions\/38720"}],"wp:featuredmedia":[{"embeddable":true,"href":"https:\/\/www.egemtv.com\/index.php?rest_route=\/wp\/v2\/media\/38719"}],"wp:attachment":[{"href":"https:\/\/www.egemtv.com\/index.php?rest_route=%2Fwp%2Fv2%2Fmedia&parent=38718"}],"wp:term":[{"taxonomy":"category","embeddable":true,"href":"https:\/\/www.egemtv.com\/index.php?rest_route=%2Fwp%2Fv2%2Fcategories&post=38718"},{"taxonomy":"post_tag","embeddable":true,"href":"https:\/\/www.egemtv.com\/index.php?rest_route=%2Fwp%2Fv2%2Ftags&post=38718"}],"curies":[{"name":"wp","href":"https:\/\/api.w.org\/{rel}","templated":true}]}}