{"id":38700,"date":"2025-06-29T17:17:19","date_gmt":"2025-06-29T14:17:19","guid":{"rendered":"https:\/\/www.egemtv.com\/?p=38700"},"modified":"2025-06-29T17:17:24","modified_gmt":"2025-06-29T14:17:24","slug":"mendereste-5-mahalle-tahliye-ediliyor","status":"publish","type":"post","link":"https:\/\/www.egemtv.com\/?p=38700","title":{"rendered":"Menderes\u2019te 5 mahalle tahliye ediliyor"},"content":{"rendered":"<p>\u0130zmir\u2019in Menderes il\u00e7esinde, saat 13.00 s\u0131ralar\u0131nda ba\u015flayan orman yang\u0131n\u0131 devam ederken, alevlerin ula\u015ft\u0131\u011f\u0131 5 mahalledeki vatanda\u015flar\u0131n evlerinden tahliye edildi\u011fi \u00f6\u011frenildi.<br \/>\n<br \/>Menderes\u2019in Kuyucak Mahallesi ile Seferihisar Orhanl\u0131 Mahallesi aras\u0131ndaki ormanl\u0131k b\u00f6lgede ba\u015flayan yang\u0131n, r\u00fczgar\u0131n etkisiyle b\u00fcy\u00fcmeye devam ediyor. \u0130zmir Orman B\u00f6lge M\u00fcd\u00fcrl\u00fc\u011f\u00fc\u2019ne ba\u011fl\u0131 18 u\u00e7ak ve 10 helikopterle havadan, 40 araz\u00f6z, 10 su ikmal ve 4 dozerle karadan m\u00fcdahale s\u00fcr\u00fcyor. R\u00fczgar\u0131n etkili oldu\u011fu b\u00f6lgede, alevlerin kontrol alt\u0131na al\u0131nabilmesi i\u00e7in ekipler ola\u011fan\u00fcst\u00fc \u00e7aba sergiliyor.<br \/>\n<br \/>Ekiplerin hem havadan hem karadan yapt\u0131\u011f\u0131 t\u00fcm m\u00fcdahaleye ra\u011fmen alevler, Orhanl\u0131, Payaml\u0131, Atat\u00fcrk, Cumhuriyet ve Kavakdere mahallelerine ula\u015ft\u0131. Kolluk g\u00f6revlilerinin yapt\u0131\u011f\u0131 \u00e7a\u011fr\u0131 ile birlikte vatanda\u015flar evlerinden tahliye edilmeye ba\u015fland\u0131.<br \/><\/p>\n","protected":false},"excerpt":{"rendered":"<p>\u0130zmir\u2019in Menderes il\u00e7esinde, saat 13.00 s\u0131ralar\u0131nda ba\u015flayan orman yang\u0131n\u0131 devam ederken, alevlerin ula\u015ft\u0131\u011f\u0131 5 mahalledeki vatanda\u015flar\u0131n evlerinden tahliye edildi\u011fi \u00f6\u011frenildi. Menderes\u2019in Kuyucak Mahallesi ile Seferihisar Orhanl\u0131 Mahallesi aras\u0131ndaki ormanl\u0131k b\u00f6lgede ba\u015flayan yang\u0131n, r\u00fczgar\u0131n etkisiyle b\u00fcy\u00fcmeye devam ediyor. \u0130zmir Orman B\u00f6lge M\u00fcd\u00fcrl\u00fc\u011f\u00fc\u2019ne ba\u011fl\u0131 18 u\u00e7ak ve 10 helikopterle havadan, 40 araz\u00f6z, 10 su ikmal ve 4&#8230;<\/p>\n","protected":false},"author":1,"featured_media":38701,"comment_status":"open","ping_status":"open","sticky":false,"template":"","format":"standard","meta":{"_crdt_document":"","footnotes":""},"categories":[5],"tags":[],"class_list":["post-38700","post","type-post","status-publish","format-standard","has-post-thumbnail","hentry","category-asayis"],"_links":{"self":[{"href":"https:\/\/www.egemtv.com\/index.php?rest_route=\/wp\/v2\/posts\/38700","targetHints":{"allow":["GET"]}}],"collection":[{"href":"https:\/\/www.egemtv.com\/index.php?rest_route=\/wp\/v2\/posts"}],"about":[{"href":"https:\/\/www.egemtv.com\/index.php?rest_route=\/wp\/v2\/types\/post"}],"author":[{"embeddable":true,"href":"https:\/\/www.egemtv.com\/index.php?rest_route=\/wp\/v2\/users\/1"}],"replies":[{"embeddable":true,"href":"https:\/\/www.egemtv.com\/index.php?rest_route=%2Fwp%2Fv2%2Fcomments&post=38700"}],"version-history":[{"count":1,"href":"https:\/\/www.egemtv.com\/index.php?rest_route=\/wp\/v2\/posts\/38700\/revisions"}],"predecessor-version":[{"id":38702,"href":"https:\/\/www.egemtv.com\/index.php?rest_route=\/wp\/v2\/posts\/38700\/revisions\/38702"}],"wp:featuredmedia":[{"embeddable":true,"href":"https:\/\/www.egemtv.com\/index.php?rest_route=\/wp\/v2\/media\/38701"}],"wp:attachment":[{"href":"https:\/\/www.egemtv.com\/index.php?rest_route=%2Fwp%2Fv2%2Fmedia&parent=38700"}],"wp:term":[{"taxonomy":"category","embeddable":true,"href":"https:\/\/www.egemtv.com\/index.php?rest_route=%2Fwp%2Fv2%2Fcategories&post=38700"},{"taxonomy":"post_tag","embeddable":true,"href":"https:\/\/www.egemtv.com\/index.php?rest_route=%2Fwp%2Fv2%2Ftags&post=38700"}],"curies":[{"name":"wp","href":"https:\/\/api.w.org\/{rel}","templated":true}]}}