{"id":38697,"date":"2025-06-29T17:17:15","date_gmt":"2025-06-29T14:17:15","guid":{"rendered":"https:\/\/www.egemtv.com\/?p=38697"},"modified":"2025-06-29T17:17:19","modified_gmt":"2025-06-29T14:17:19","slug":"nazillide-bir-yangin-daha-cikti","status":"publish","type":"post","link":"https:\/\/www.egemtv.com\/?p=38697","title":{"rendered":"Nazilli\u2019de bir yang\u0131n daha \u00e7\u0131kt\u0131"},"content":{"rendered":"<p>Ayd\u0131n\u2019\u0131n Nazilli il\u00e7esi \u0130sabeyli Mahallesi\u2019nde \u00e7\u0131kan yang\u0131n\u0131n ard\u0131ndan bir yang\u0131n da Be\u011ferli Mahallesi\u2019nde meydana geldi. \u0130sabeyli Mahallesi\u2019ndeki yang\u0131nda ise 1 ev zarar g\u00f6rd\u00fc.<br \/>\n<br \/>Yang\u0131nlardan ilki \u0130sabeyli Mahallesi\u2019ndeki tar\u0131m arazinde saat 15.00 s\u0131ralar\u0131nda meydana geldi. Edinilen bilgiye g\u00f6re hen\u00fcz bilinmeyen bir nedenle tar\u0131m arazisinde yang\u0131n \u00e7\u0131kt\u0131. Araziden alevlerin y\u00fckseldi\u011fini fark eden vatanda\u015flar durumu 112 Acil \u00c7a\u011fr\u0131 Merkezi\u2019ne bildirdi. \u0130hbar \u00fczerine b\u00f6lgeye Ayd\u0131n B\u00fcy\u00fck\u015fehir Belediyesi \u0130tfaiye Daire Ba\u015fkanl\u0131\u011f\u0131 ve Mu\u011fla Orman B\u00f6lge M\u00fcd\u00fcrl\u00fc\u011f\u00fc ekipleri sevk edildi. K\u0131sa s\u00fcrede olay yerine gelen ekipler alevlere m\u00fcdahale etti. Ekiplerin yang\u0131n s\u00f6nd\u00fcrme \u00e7al\u0131\u015fmalar\u0131na b\u00f6lgede bulunan vatanda\u015flar da destek verdi.<\/p>\n<p>1 ev zarar g\u00f6rd\u00fc<br \/>\n<br \/>\u0130sabeyli Mahallesi\u2019ndeki yang\u0131nda r\u00fczgar\u0131n da etkisiyle h\u0131zla b\u00fcy\u00fcyen alevler nedeniyle 1 ba\u011f evinin yanarak zarar g\u00f6rd\u00fc\u011f\u00fc \u00f6\u011frenildi.<\/p>\n<p>\u0130kinci yang\u0131n Be\u011ferli Mahallesi\u2019nde<br \/>\n<br \/>\u0130sabeyli Mahallesi\u2019ndeki yang\u0131n\u0131n ard\u0131ndan Be\u011ferli Mahallesi\u2019nde de yang\u0131n \u00e7\u0131kt\u0131. Yang\u0131n ihbar\u0131 \u00fczerine h\u0131zla olay yerine gelen itfaiye ve orman ekipleri alevlere m\u00fcdahale etmeye ba\u015flad\u0131.<\/p>\n<p>Havadan destek s\u00fcr\u00fcyor<br \/>\n<br \/>Meydana gelen yang\u0131nlara 2 jandarma ve 3 Mu\u011fla Orman B\u00f6lge M\u00fcd\u00fcrl\u00fc\u011f\u00fc olmak \u00fczere toplamda 5 helikopter ile havadan m\u00fcdahale ediliyor.<br \/>\n<br \/>Ekiplerin Nazilli il\u00e7esinde alevleri kontrol alt\u0131na alt\u0131na almak i\u00e7in karadan ve havadan \u00e7al\u0131\u015fmalar\u0131 s\u00fcr\u00fcyor.<br \/><\/p>\n","protected":false},"excerpt":{"rendered":"<p>Ayd\u0131n\u2019\u0131n Nazilli il\u00e7esi \u0130sabeyli Mahallesi\u2019nde \u00e7\u0131kan yang\u0131n\u0131n ard\u0131ndan bir yang\u0131n da Be\u011ferli Mahallesi\u2019nde meydana geldi. \u0130sabeyli Mahallesi\u2019ndeki yang\u0131nda ise 1 ev zarar g\u00f6rd\u00fc. Yang\u0131nlardan ilki \u0130sabeyli Mahallesi\u2019ndeki tar\u0131m arazinde saat 15.00 s\u0131ralar\u0131nda meydana geldi. Edinilen bilgiye g\u00f6re hen\u00fcz bilinmeyen bir nedenle tar\u0131m arazisinde yang\u0131n \u00e7\u0131kt\u0131. Araziden alevlerin y\u00fckseldi\u011fini fark eden vatanda\u015flar durumu 112 Acil \u00c7a\u011fr\u0131&#8230;<\/p>\n","protected":false},"author":1,"featured_media":38698,"comment_status":"open","ping_status":"open","sticky":false,"template":"","format":"standard","meta":{"_crdt_document":"","footnotes":""},"categories":[5],"tags":[],"class_list":["post-38697","post","type-post","status-publish","format-standard","has-post-thumbnail","hentry","category-asayis"],"_links":{"self":[{"href":"https:\/\/www.egemtv.com\/index.php?rest_route=\/wp\/v2\/posts\/38697","targetHints":{"allow":["GET"]}}],"collection":[{"href":"https:\/\/www.egemtv.com\/index.php?rest_route=\/wp\/v2\/posts"}],"about":[{"href":"https:\/\/www.egemtv.com\/index.php?rest_route=\/wp\/v2\/types\/post"}],"author":[{"embeddable":true,"href":"https:\/\/www.egemtv.com\/index.php?rest_route=\/wp\/v2\/users\/1"}],"replies":[{"embeddable":true,"href":"https:\/\/www.egemtv.com\/index.php?rest_route=%2Fwp%2Fv2%2Fcomments&post=38697"}],"version-history":[{"count":1,"href":"https:\/\/www.egemtv.com\/index.php?rest_route=\/wp\/v2\/posts\/38697\/revisions"}],"predecessor-version":[{"id":38699,"href":"https:\/\/www.egemtv.com\/index.php?rest_route=\/wp\/v2\/posts\/38697\/revisions\/38699"}],"wp:featuredmedia":[{"embeddable":true,"href":"https:\/\/www.egemtv.com\/index.php?rest_route=\/wp\/v2\/media\/38698"}],"wp:attachment":[{"href":"https:\/\/www.egemtv.com\/index.php?rest_route=%2Fwp%2Fv2%2Fmedia&parent=38697"}],"wp:term":[{"taxonomy":"category","embeddable":true,"href":"https:\/\/www.egemtv.com\/index.php?rest_route=%2Fwp%2Fv2%2Fcategories&post=38697"},{"taxonomy":"post_tag","embeddable":true,"href":"https:\/\/www.egemtv.com\/index.php?rest_route=%2Fwp%2Fv2%2Ftags&post=38697"}],"curies":[{"name":"wp","href":"https:\/\/api.w.org\/{rel}","templated":true}]}}