{"id":38694,"date":"2025-06-29T17:17:12","date_gmt":"2025-06-29T14:17:12","guid":{"rendered":"https:\/\/www.egemtv.com\/?p=38694"},"modified":"2025-06-29T17:17:15","modified_gmt":"2025-06-29T14:17:15","slug":"alevlerin-arasinda-kalan-orman-ekibi-son-anda-kurtuldu","status":"publish","type":"post","link":"https:\/\/www.egemtv.com\/?p=38694","title":{"rendered":"Alevlerin aras\u0131nda kalan orman ekibi son anda kurtuldu"},"content":{"rendered":"<p>\u0130zmir\u2019de 4 g\u00fcn \u00f6nce Alia\u011fa il\u00e7esinde \u00e7\u0131kan ve Fo\u00e7a\u2019ya do\u011fru geni\u015fleyen orman yang\u0131n\u0131nda, Orman \u0130\u015fletme M\u00fcd\u00fcrl\u00fc\u011f\u00fc\u2019ne ait bir araz\u00f6z\u00fcn alevlerin aras\u0131nda kald\u0131\u011f\u0131 panik anlar\u0131 ortaya \u00e7\u0131kt\u0131. Ekip, araz\u00f6z \u015fof\u00f6r\u00fc Talip Terim\u2019in so\u011fukkanl\u0131l\u0131\u011f\u0131 sayesinde kurtuldu.<br \/>\n<br \/>Alia\u011fa il\u00e7esi Horozgedi\u011fi Mahallesi mevkiindeki ormanl\u0131k alanda ba\u015flayan yang\u0131n, \u015fiddetli r\u00fczgar\u0131n da etkisiyle h\u0131zla yay\u0131ld\u0131. Olay\u0131n ard\u0131ndan \u0130zmir Orman B\u00f6lge M\u00fcd\u00fcrl\u00fc\u011f\u00fc\u2019ne ba\u011fl\u0131 itfaiye ekipleri h\u0131zla b\u00f6lgeye sevk edildi. Yang\u0131n\u0131n kontrol alt\u0131na al\u0131nabilmesi i\u00e7in havadan u\u00e7ak ve helikopterler, karadan da araz\u00f6zler, su ikmal ara\u00e7lar\u0131, i\u015f makinalar\u0131 ve \u00e7ok say\u0131da personel m\u00fcdahalede bulundu. Fo\u00e7a il\u00e7esine do\u011fru ilerleyen ve burada b\u00fcy\u00fcyen alevler, ak\u015fam saatlerine do\u011fru k\u0131rsal Il\u0131p\u0131nar Mahallesi\u2019ne kadar dayand\u0131. Tedbir amac\u0131yla buradaki baz\u0131 evler bo\u015falt\u0131l\u0131rken ah\u0131rlardaki hayvanlar da tehlikeden uzakla\u015ft\u0131r\u0131ld\u0131.<\/p>\n<p>Alevlerin ortas\u0131nda kalan araz\u00f6z son anda \u00e7\u0131kmay\u0131 ba\u015fard\u0131<br \/>\n<br \/>Yang\u0131n\u0131n en kritik anlar\u0131ndan biri Kayadeli mevkiinde ya\u015fand\u0131. Alia\u011fa Orman \u015eefli\u011fi\u2019ne ait bir araz\u00f6z alevlerin aras\u0131nda kald\u0131. Arac\u0131n s\u00fcr\u00fcc\u00fcs\u00fc Talip Terim, b\u00fcy\u00fck bir so\u011fukkanl\u0131l\u0131k ve cesaret \u00f6rne\u011fi g\u00f6stererek, ekip arkada\u015f\u0131n\u0131n da yard\u0131m\u0131yla arac\u0131 yang\u0131n alan\u0131ndan \u00e7\u0131kard\u0131. Araz\u00f6z, yang\u0131ndan zarar g\u00f6rmeden kurtar\u0131l\u0131rken, Talip Terim ve arkada\u015flar\u0131 \u00f6l\u00fcmle burun buruna geldi\u011fi o anlardan sa\u011f kurtuldu.<br \/>\n<br \/>Yang\u0131na m\u00fcdahale s\u00fcreci, orman te\u015fkilat\u0131n\u0131n zorlu \u015fartlar alt\u0131nda y\u00fcr\u00fctt\u00fc\u011f\u00fc m\u00fccadeleyi bir kez daha g\u00f6zler \u00f6n\u00fcne serdi. \u00d6zverili \u00e7al\u0131\u015fan orman i\u015f\u00e7ilerinin ve itfaiye ekiplerinin hayatlar\u0131n\u0131 hi\u00e7e sayarak verdikleri m\u00fccadele, yaln\u0131zca do\u011fal alanlar\u0131n de\u011fil, insan ya\u015fam\u0131n\u0131n da korunmas\u0131nda ne denli hayati bir rol oynad\u0131klar\u0131n\u0131 bir kez daha ortaya koydu.<br \/>\n<br \/>Gece boyunca s\u00fcren yo\u011fun m\u00fccadele sonucunda yang\u0131n 21.5 saatlik \u00e7al\u0131\u015fman\u0131n ard\u0131ndan kontrol alt\u0131na al\u0131nd\u0131. So\u011futma \u00e7al\u0131\u015fmalar\u0131 ise g\u00fcn boyu devam etti. B\u00f6lge halk\u0131, yang\u0131na kar\u015f\u0131 verilen h\u0131zl\u0131 ve kararl\u0131 m\u00fccadele nedeniyle ekiplere te\u015fekk\u00fcr etti.<br \/><\/p>\n","protected":false},"excerpt":{"rendered":"<p>\u0130zmir\u2019de 4 g\u00fcn \u00f6nce Alia\u011fa il\u00e7esinde \u00e7\u0131kan ve Fo\u00e7a\u2019ya do\u011fru geni\u015fleyen orman yang\u0131n\u0131nda, Orman \u0130\u015fletme M\u00fcd\u00fcrl\u00fc\u011f\u00fc\u2019ne ait bir araz\u00f6z\u00fcn alevlerin aras\u0131nda kald\u0131\u011f\u0131 panik anlar\u0131 ortaya \u00e7\u0131kt\u0131. Ekip, araz\u00f6z \u015fof\u00f6r\u00fc Talip Terim\u2019in so\u011fukkanl\u0131l\u0131\u011f\u0131 sayesinde kurtuldu. Alia\u011fa il\u00e7esi Horozgedi\u011fi Mahallesi mevkiindeki ormanl\u0131k alanda ba\u015flayan yang\u0131n, \u015fiddetli r\u00fczgar\u0131n da etkisiyle h\u0131zla yay\u0131ld\u0131. Olay\u0131n ard\u0131ndan \u0130zmir Orman B\u00f6lge M\u00fcd\u00fcrl\u00fc\u011f\u00fc\u2019ne&#8230;<\/p>\n","protected":false},"author":1,"featured_media":38695,"comment_status":"open","ping_status":"open","sticky":false,"template":"","format":"standard","meta":{"_crdt_document":"","footnotes":""},"categories":[5],"tags":[],"class_list":["post-38694","post","type-post","status-publish","format-standard","has-post-thumbnail","hentry","category-asayis"],"_links":{"self":[{"href":"https:\/\/www.egemtv.com\/index.php?rest_route=\/wp\/v2\/posts\/38694","targetHints":{"allow":["GET"]}}],"collection":[{"href":"https:\/\/www.egemtv.com\/index.php?rest_route=\/wp\/v2\/posts"}],"about":[{"href":"https:\/\/www.egemtv.com\/index.php?rest_route=\/wp\/v2\/types\/post"}],"author":[{"embeddable":true,"href":"https:\/\/www.egemtv.com\/index.php?rest_route=\/wp\/v2\/users\/1"}],"replies":[{"embeddable":true,"href":"https:\/\/www.egemtv.com\/index.php?rest_route=%2Fwp%2Fv2%2Fcomments&post=38694"}],"version-history":[{"count":1,"href":"https:\/\/www.egemtv.com\/index.php?rest_route=\/wp\/v2\/posts\/38694\/revisions"}],"predecessor-version":[{"id":38696,"href":"https:\/\/www.egemtv.com\/index.php?rest_route=\/wp\/v2\/posts\/38694\/revisions\/38696"}],"wp:featuredmedia":[{"embeddable":true,"href":"https:\/\/www.egemtv.com\/index.php?rest_route=\/wp\/v2\/media\/38695"}],"wp:attachment":[{"href":"https:\/\/www.egemtv.com\/index.php?rest_route=%2Fwp%2Fv2%2Fmedia&parent=38694"}],"wp:term":[{"taxonomy":"category","embeddable":true,"href":"https:\/\/www.egemtv.com\/index.php?rest_route=%2Fwp%2Fv2%2Fcategories&post=38694"},{"taxonomy":"post_tag","embeddable":true,"href":"https:\/\/www.egemtv.com\/index.php?rest_route=%2Fwp%2Fv2%2Ftags&post=38694"}],"curies":[{"name":"wp","href":"https:\/\/api.w.org\/{rel}","templated":true}]}}