{"id":38691,"date":"2025-06-29T16:55:50","date_gmt":"2025-06-29T13:55:50","guid":{"rendered":"https:\/\/www.egemtv.com\/?p=38691"},"modified":"2025-06-29T16:55:54","modified_gmt":"2025-06-29T13:55:54","slug":"sicaga-dayanamayan-karga-carsi-carsi-dolasip-su-icti-karnini-doyurdu","status":"publish","type":"post","link":"https:\/\/www.egemtv.com\/?p=38691","title":{"rendered":"S\u0131ca\u011fa dayanamayan karga \u00e7ar\u015f\u0131 \u00e7ar\u015f\u0131 dola\u015f\u0131p su i\u00e7ti, karn\u0131n\u0131 doyurdu"},"content":{"rendered":"<p>Mu\u011fla\u2019n\u0131n Bodrum il\u00e7esinde s\u0131cak havadan bunalan bir karga, solu\u011fu kafelerde ald\u0131. Geleneksel \u00e7ar\u015f\u0131da bir kafeteryaya konan karga, hem serinledi hem de karn\u0131n\u0131 doyurdu.<\/p>\n<p>\u0130lk olarak \u00e7ar\u015f\u0131 i\u00e7indeki bir kafeteryaya konan karga, sandalyelerin \u00fczerine t\u00fcneyerek a\u011fz\u0131n\u0131 a\u00e7\u0131p kapatarak adeta su istermi\u015f gibi davranmaya ba\u015flad\u0131. Bu durumu fark eden i\u015fletme \u00e7al\u0131\u015fanlar\u0131, kargaya k\u00fcl tablas\u0131na koyduklar\u0131 suyu ikram etti. Serin suyu i\u00e7en karga bir s\u00fcre dinlendi. S\u00fcrpriz misafiri g\u00f6ren turistler de duruma \u015fa\u015f\u0131r\u0131rken, kargaya yiyecek ve su ikram ederek keyifli anlar ya\u015fad\u0131. Baz\u0131 \u00e7ocuklar da kargaya buzlu su verdi, yiyeceklerini payla\u015ft\u0131.<\/p>\n<p>Bir s\u00fcre kafede vakit ge\u00e7iren gen\u00e7 karga daha sonra u\u00e7arak uzakla\u015ft\u0131. Ayn\u0131 kargan\u0131n, Bodrum merkezdeki ba\u015fka restoran ve kafelere de giderek benzer \u015fekilde su ve yiyecek ald\u0131\u011f\u0131 \u00f6\u011frenildi.<br \/><\/p>\n","protected":false},"excerpt":{"rendered":"<p>Mu\u011fla\u2019n\u0131n Bodrum il\u00e7esinde s\u0131cak havadan bunalan bir karga, solu\u011fu kafelerde ald\u0131. Geleneksel \u00e7ar\u015f\u0131da bir kafeteryaya konan karga, hem serinledi hem de karn\u0131n\u0131 doyurdu. \u0130lk olarak \u00e7ar\u015f\u0131 i\u00e7indeki bir kafeteryaya konan karga, sandalyelerin \u00fczerine t\u00fcneyerek a\u011fz\u0131n\u0131 a\u00e7\u0131p kapatarak adeta su istermi\u015f gibi davranmaya ba\u015flad\u0131. Bu durumu fark eden i\u015fletme \u00e7al\u0131\u015fanlar\u0131, kargaya k\u00fcl tablas\u0131na koyduklar\u0131 suyu ikram&#8230;<\/p>\n","protected":false},"author":1,"featured_media":38692,"comment_status":"open","ping_status":"open","sticky":false,"template":"","format":"standard","meta":{"_crdt_document":"","footnotes":""},"categories":[123],"tags":[],"class_list":["post-38691","post","type-post","status-publish","format-standard","has-post-thumbnail","hentry","category-gundem"],"_links":{"self":[{"href":"https:\/\/www.egemtv.com\/index.php?rest_route=\/wp\/v2\/posts\/38691","targetHints":{"allow":["GET"]}}],"collection":[{"href":"https:\/\/www.egemtv.com\/index.php?rest_route=\/wp\/v2\/posts"}],"about":[{"href":"https:\/\/www.egemtv.com\/index.php?rest_route=\/wp\/v2\/types\/post"}],"author":[{"embeddable":true,"href":"https:\/\/www.egemtv.com\/index.php?rest_route=\/wp\/v2\/users\/1"}],"replies":[{"embeddable":true,"href":"https:\/\/www.egemtv.com\/index.php?rest_route=%2Fwp%2Fv2%2Fcomments&post=38691"}],"version-history":[{"count":1,"href":"https:\/\/www.egemtv.com\/index.php?rest_route=\/wp\/v2\/posts\/38691\/revisions"}],"predecessor-version":[{"id":38693,"href":"https:\/\/www.egemtv.com\/index.php?rest_route=\/wp\/v2\/posts\/38691\/revisions\/38693"}],"wp:featuredmedia":[{"embeddable":true,"href":"https:\/\/www.egemtv.com\/index.php?rest_route=\/wp\/v2\/media\/38692"}],"wp:attachment":[{"href":"https:\/\/www.egemtv.com\/index.php?rest_route=%2Fwp%2Fv2%2Fmedia&parent=38691"}],"wp:term":[{"taxonomy":"category","embeddable":true,"href":"https:\/\/www.egemtv.com\/index.php?rest_route=%2Fwp%2Fv2%2Fcategories&post=38691"},{"taxonomy":"post_tag","embeddable":true,"href":"https:\/\/www.egemtv.com\/index.php?rest_route=%2Fwp%2Fv2%2Ftags&post=38691"}],"curies":[{"name":"wp","href":"https:\/\/api.w.org\/{rel}","templated":true}]}}