{"id":38628,"date":"2025-06-29T12:57:39","date_gmt":"2025-06-29T09:57:39","guid":{"rendered":"https:\/\/www.egemtv.com\/?p=38628"},"modified":"2025-06-29T12:57:43","modified_gmt":"2025-06-29T09:57:43","slug":"burdurda-gece-cikan-yanginda-30-donum-alan-yandi","status":"publish","type":"post","link":"https:\/\/www.egemtv.com\/?p=38628","title":{"rendered":"Burdur\u2019da gece \u00e7\u0131kan yang\u0131nda 30 d\u00f6n\u00fcm alan yand\u0131"},"content":{"rendered":"<p>Burdur merkeze ba\u011fl\u0131 Askeriye k\u00f6y\u00fcnde gece saatlerinde \u00e7\u0131kan an\u0131z yang\u0131n\u0131nda 30 d\u00f6n\u00fcm arazi ve onlarca a\u011fa\u00e7 yand\u0131.<br \/>\n<br \/>Yang\u0131n saat 22.00 s\u0131ralar\u0131nda merkeze ba\u011fl\u0131 Askeriye k\u00f6y\u00fc alt\u0131 Ba\u011f mevkiinde meydana geldi. Edinilen bilgilere g\u00f6re, kuru otluk alanda hen\u00fcz bilinmeyen bir nedenle yang\u0131n \u00e7\u0131kt\u0131. K\u0131sa s\u00fcrede b\u00fcy\u00fcyen yang\u0131n \u00e7evredeki a\u011fa\u00e7l\u0131k alana yay\u0131ld\u0131. \u00c7evredekilerin 112 Acil \u00c7a\u011fr\u0131 Merkezine ihbar\u0131 \u00fczerine b\u00f6lgeye itfaiye ve jandarma ekipleri sevk edildi. B\u00f6lgeye gelen itfaiye ekiplerinin ara\u00e7 ve 9 ki\u015filik ekip ile m\u00fcdahale etti\u011fi yang\u0131n uzun u\u011fra\u015flar sonucu kontrol alt\u0131na al\u0131narak s\u00f6nd\u00fcr\u00fcld\u00fc. B\u00f6lgede so\u011futma \u00e7al\u0131\u015fmalar\u0131 gece boyunca s\u00fcrd\u00fc.<br \/>\n<br \/>Yang\u0131nda yakla\u015f\u0131k 30 d\u00f6n\u00fcml\u00fck alan\u0131n ve onlarca a\u011fac\u0131n zarar g\u00f6rd\u00fc\u011f\u00fc \u00f6\u011frenilirken, olayla ilgili inceleme ba\u015flat\u0131ld\u0131.<\/p>\n","protected":false},"excerpt":{"rendered":"<p>Burdur merkeze ba\u011fl\u0131 Askeriye k\u00f6y\u00fcnde gece saatlerinde \u00e7\u0131kan an\u0131z yang\u0131n\u0131nda 30 d\u00f6n\u00fcm arazi ve onlarca a\u011fa\u00e7 yand\u0131. Yang\u0131n saat 22.00 s\u0131ralar\u0131nda merkeze ba\u011fl\u0131 Askeriye k\u00f6y\u00fc alt\u0131 Ba\u011f mevkiinde meydana geldi. Edinilen bilgilere g\u00f6re, kuru otluk alanda hen\u00fcz bilinmeyen bir nedenle yang\u0131n \u00e7\u0131kt\u0131. K\u0131sa s\u00fcrede b\u00fcy\u00fcyen yang\u0131n \u00e7evredeki a\u011fa\u00e7l\u0131k alana yay\u0131ld\u0131. \u00c7evredekilerin 112 Acil \u00c7a\u011fr\u0131 Merkezine&#8230;<\/p>\n","protected":false},"author":1,"featured_media":38629,"comment_status":"open","ping_status":"open","sticky":false,"template":"","format":"standard","meta":{"_crdt_document":"","footnotes":""},"categories":[5],"tags":[],"class_list":["post-38628","post","type-post","status-publish","format-standard","has-post-thumbnail","hentry","category-asayis"],"_links":{"self":[{"href":"https:\/\/www.egemtv.com\/index.php?rest_route=\/wp\/v2\/posts\/38628","targetHints":{"allow":["GET"]}}],"collection":[{"href":"https:\/\/www.egemtv.com\/index.php?rest_route=\/wp\/v2\/posts"}],"about":[{"href":"https:\/\/www.egemtv.com\/index.php?rest_route=\/wp\/v2\/types\/post"}],"author":[{"embeddable":true,"href":"https:\/\/www.egemtv.com\/index.php?rest_route=\/wp\/v2\/users\/1"}],"replies":[{"embeddable":true,"href":"https:\/\/www.egemtv.com\/index.php?rest_route=%2Fwp%2Fv2%2Fcomments&post=38628"}],"version-history":[{"count":1,"href":"https:\/\/www.egemtv.com\/index.php?rest_route=\/wp\/v2\/posts\/38628\/revisions"}],"predecessor-version":[{"id":38630,"href":"https:\/\/www.egemtv.com\/index.php?rest_route=\/wp\/v2\/posts\/38628\/revisions\/38630"}],"wp:featuredmedia":[{"embeddable":true,"href":"https:\/\/www.egemtv.com\/index.php?rest_route=\/wp\/v2\/media\/38629"}],"wp:attachment":[{"href":"https:\/\/www.egemtv.com\/index.php?rest_route=%2Fwp%2Fv2%2Fmedia&parent=38628"}],"wp:term":[{"taxonomy":"category","embeddable":true,"href":"https:\/\/www.egemtv.com\/index.php?rest_route=%2Fwp%2Fv2%2Fcategories&post=38628"},{"taxonomy":"post_tag","embeddable":true,"href":"https:\/\/www.egemtv.com\/index.php?rest_route=%2Fwp%2Fv2%2Ftags&post=38628"}],"curies":[{"name":"wp","href":"https:\/\/api.w.org\/{rel}","templated":true}]}}