{"id":38625,"date":"2025-06-29T12:37:08","date_gmt":"2025-06-29T09:37:08","guid":{"rendered":"https:\/\/www.egemtv.com\/?p=38625"},"modified":"2025-06-29T12:37:12","modified_gmt":"2025-06-29T09:37:12","slug":"ortacada-sazlik-yangini","status":"publish","type":"post","link":"https:\/\/www.egemtv.com\/?p=38625","title":{"rendered":"Ortaca\u2019da sazl\u0131k yang\u0131n\u0131"},"content":{"rendered":"<p>Mu\u011fla\u2019n\u0131n Ortaca il\u00e7esinde sazl\u0131k yak\u0131n\u0131ndaki alanda ba\u015flayan yang\u0131n Mu\u011fla B\u00fcy\u00fck\u015fehir Belediyesi Ortaca \u0130tfaiye ekipleri ve Mu\u011fla Orman B\u00f6lge M\u00fcd\u00fcrl\u00fc\u011f\u00fc araz\u00f6zlerinin m\u00fcdahalesi ile kontrol alt\u0131na al\u0131nd\u0131.<br \/>\n<br \/>Ortaca Sar\u0131germe yolu \u00fczerinde bulunan sazl\u0131k alanda dumanlar\u0131n y\u00fckselmesi \u00fczerine 11 Acil \u00c7a\u011fr\u0131 Merkezine bilgi verildi. B\u00f6lgeye Onman B\u00f6lge M\u00fcd\u00fcrl\u00fc\u011f\u00fc araz\u00f6z ve Mu\u011fla B\u00fcy\u00fck\u015fehir Belediyesi Ortaca \u0130tfaiye ekipleri sevk edildi. Ekiplerin zaman\u0131nda m\u00fcdahalesi ile tar\u0131m arazisindeki yang\u0131n kontrol alt\u0131na al\u0131n\u0131rken, b\u00f6lgede itfaiye ekipleri taraf\u0131ndan so\u011futma \u00e7al\u0131\u015fmas\u0131 yap\u0131ld\u0131.<br \/><\/p>\n","protected":false},"excerpt":{"rendered":"<p>Mu\u011fla\u2019n\u0131n Ortaca il\u00e7esinde sazl\u0131k yak\u0131n\u0131ndaki alanda ba\u015flayan yang\u0131n Mu\u011fla B\u00fcy\u00fck\u015fehir Belediyesi Ortaca \u0130tfaiye ekipleri ve Mu\u011fla Orman B\u00f6lge M\u00fcd\u00fcrl\u00fc\u011f\u00fc araz\u00f6zlerinin m\u00fcdahalesi ile kontrol alt\u0131na al\u0131nd\u0131. Ortaca Sar\u0131germe yolu \u00fczerinde bulunan sazl\u0131k alanda dumanlar\u0131n y\u00fckselmesi \u00fczerine 11 Acil \u00c7a\u011fr\u0131 Merkezine bilgi verildi. B\u00f6lgeye Onman B\u00f6lge M\u00fcd\u00fcrl\u00fc\u011f\u00fc araz\u00f6z ve Mu\u011fla B\u00fcy\u00fck\u015fehir Belediyesi Ortaca \u0130tfaiye ekipleri sevk edildi&#8230;.<\/p>\n","protected":false},"author":1,"featured_media":38626,"comment_status":"open","ping_status":"open","sticky":false,"template":"","format":"standard","meta":{"_crdt_document":"","footnotes":""},"categories":[5],"tags":[],"class_list":["post-38625","post","type-post","status-publish","format-standard","has-post-thumbnail","hentry","category-asayis"],"_links":{"self":[{"href":"https:\/\/www.egemtv.com\/index.php?rest_route=\/wp\/v2\/posts\/38625","targetHints":{"allow":["GET"]}}],"collection":[{"href":"https:\/\/www.egemtv.com\/index.php?rest_route=\/wp\/v2\/posts"}],"about":[{"href":"https:\/\/www.egemtv.com\/index.php?rest_route=\/wp\/v2\/types\/post"}],"author":[{"embeddable":true,"href":"https:\/\/www.egemtv.com\/index.php?rest_route=\/wp\/v2\/users\/1"}],"replies":[{"embeddable":true,"href":"https:\/\/www.egemtv.com\/index.php?rest_route=%2Fwp%2Fv2%2Fcomments&post=38625"}],"version-history":[{"count":1,"href":"https:\/\/www.egemtv.com\/index.php?rest_route=\/wp\/v2\/posts\/38625\/revisions"}],"predecessor-version":[{"id":38627,"href":"https:\/\/www.egemtv.com\/index.php?rest_route=\/wp\/v2\/posts\/38625\/revisions\/38627"}],"wp:featuredmedia":[{"embeddable":true,"href":"https:\/\/www.egemtv.com\/index.php?rest_route=\/wp\/v2\/media\/38626"}],"wp:attachment":[{"href":"https:\/\/www.egemtv.com\/index.php?rest_route=%2Fwp%2Fv2%2Fmedia&parent=38625"}],"wp:term":[{"taxonomy":"category","embeddable":true,"href":"https:\/\/www.egemtv.com\/index.php?rest_route=%2Fwp%2Fv2%2Fcategories&post=38625"},{"taxonomy":"post_tag","embeddable":true,"href":"https:\/\/www.egemtv.com\/index.php?rest_route=%2Fwp%2Fv2%2Ftags&post=38625"}],"curies":[{"name":"wp","href":"https:\/\/api.w.org\/{rel}","templated":true}]}}