{"id":38622,"date":"2025-06-29T12:37:03","date_gmt":"2025-06-29T09:37:03","guid":{"rendered":"https:\/\/www.egemtv.com\/?p=38622"},"modified":"2025-06-29T12:37:08","modified_gmt":"2025-06-29T09:37:08","slug":"kusadasinda-ogrencilere-uygulamali-cevre-bilinci-egitimi","status":"publish","type":"post","link":"https:\/\/www.egemtv.com\/?p=38622","title":{"rendered":"Ku\u015fadas\u0131\u2019nda \u00f6\u011frencilere uygulamal\u0131 \u00e7evre bilinci e\u011fitimi"},"content":{"rendered":"<p>Ayd\u0131n\u2019\u0131n Ku\u015fadas\u0131 il\u00e7esinde bulunan Kavakl\u0131 Jandarma Karakol Komutanl\u0131\u011f\u0131 ile \u00c7evre Koruma Tim Komutanl\u0131\u011f\u0131\u2019n\u0131n i\u015f birli\u011finde Dilek Yar\u0131madas\u0131 B\u00fcy\u00fck Menderes Deltas\u0131 Milli Park\u0131\u2019n\u0131 ziyarete gelen \u0130zmir Matematik K\u00f6y\u00fc E\u011fitim Merkezi\u2019nde kurs g\u00f6ren 96 \u00f6\u011frenciye y\u00f6nelik \u00e7evre bilinci ve do\u011fa koruma temal\u0131 uygulamal\u0131 e\u011fitim d\u00fczenlendi.<\/p>\n<p>E\u011fitim kapsam\u0131nda \u00f6\u011frencilere, milli park\u0131n tarihi, jandarman\u0131n milli parklardaki g\u00f6revleri, uyulmas\u0131 gereken kurallar, do\u011fa sevgisi, orman, \u00e7evre ve yaban hayat\u0131n\u0131n korunmas\u0131 ile ya\u015fayan canl\u0131 ve bitki t\u00fcrleri hakk\u0131nda detayl\u0131 bilgiler verildi. E\u011fitimin uygulamal\u0131 olarak yap\u0131lmas\u0131, \u00f6\u011frencilere konular\u0131 yerinde g\u00f6zlemleme ve \u00f6\u011frenme imkan\u0131 sundu. Yetkililer, bu t\u00fcr e\u011fitimlerin \u00e7ocuklarda ve gen\u00e7lerde \u00e7evre bilincinin art\u0131r\u0131lmas\u0131, do\u011fal ya\u015fam\u0131n korunmas\u0131 ve gelecek nesillere daha sa\u011fl\u0131kl\u0131 bir \u00e7evre b\u0131rak\u0131lmas\u0131 a\u00e7\u0131s\u0131ndan b\u00fcy\u00fck \u00f6nem ta\u015f\u0131d\u0131\u011f\u0131n\u0131 belirtti. E\u011fitime kat\u0131lan \u00f6\u011frenciler ise jandarma ekiplerine te\u015fekk\u00fcr ederek, do\u011fa ile ilgili edindikleri bilgileri hayatlar\u0131nda uygulayacaklar\u0131n\u0131 ifade etti.<br \/><\/p>\n","protected":false},"excerpt":{"rendered":"<p>Ayd\u0131n\u2019\u0131n Ku\u015fadas\u0131 il\u00e7esinde bulunan Kavakl\u0131 Jandarma Karakol Komutanl\u0131\u011f\u0131 ile \u00c7evre Koruma Tim Komutanl\u0131\u011f\u0131\u2019n\u0131n i\u015f birli\u011finde Dilek Yar\u0131madas\u0131 B\u00fcy\u00fck Menderes Deltas\u0131 Milli Park\u0131\u2019n\u0131 ziyarete gelen \u0130zmir Matematik K\u00f6y\u00fc E\u011fitim Merkezi\u2019nde kurs g\u00f6ren 96 \u00f6\u011frenciye y\u00f6nelik \u00e7evre bilinci ve do\u011fa koruma temal\u0131 uygulamal\u0131 e\u011fitim d\u00fczenlendi. E\u011fitim kapsam\u0131nda \u00f6\u011frencilere, milli park\u0131n tarihi, jandarman\u0131n milli parklardaki g\u00f6revleri, uyulmas\u0131 gereken&#8230;<\/p>\n","protected":false},"author":1,"featured_media":38623,"comment_status":"open","ping_status":"open","sticky":false,"template":"","format":"standard","meta":{"_crdt_document":"","footnotes":""},"categories":[1],"tags":[],"class_list":["post-38622","post","type-post","status-publish","format-standard","has-post-thumbnail","hentry","category-guncel"],"_links":{"self":[{"href":"https:\/\/www.egemtv.com\/index.php?rest_route=\/wp\/v2\/posts\/38622","targetHints":{"allow":["GET"]}}],"collection":[{"href":"https:\/\/www.egemtv.com\/index.php?rest_route=\/wp\/v2\/posts"}],"about":[{"href":"https:\/\/www.egemtv.com\/index.php?rest_route=\/wp\/v2\/types\/post"}],"author":[{"embeddable":true,"href":"https:\/\/www.egemtv.com\/index.php?rest_route=\/wp\/v2\/users\/1"}],"replies":[{"embeddable":true,"href":"https:\/\/www.egemtv.com\/index.php?rest_route=%2Fwp%2Fv2%2Fcomments&post=38622"}],"version-history":[{"count":1,"href":"https:\/\/www.egemtv.com\/index.php?rest_route=\/wp\/v2\/posts\/38622\/revisions"}],"predecessor-version":[{"id":38624,"href":"https:\/\/www.egemtv.com\/index.php?rest_route=\/wp\/v2\/posts\/38622\/revisions\/38624"}],"wp:featuredmedia":[{"embeddable":true,"href":"https:\/\/www.egemtv.com\/index.php?rest_route=\/wp\/v2\/media\/38623"}],"wp:attachment":[{"href":"https:\/\/www.egemtv.com\/index.php?rest_route=%2Fwp%2Fv2%2Fmedia&parent=38622"}],"wp:term":[{"taxonomy":"category","embeddable":true,"href":"https:\/\/www.egemtv.com\/index.php?rest_route=%2Fwp%2Fv2%2Fcategories&post=38622"},{"taxonomy":"post_tag","embeddable":true,"href":"https:\/\/www.egemtv.com\/index.php?rest_route=%2Fwp%2Fv2%2Ftags&post=38622"}],"curies":[{"name":"wp","href":"https:\/\/api.w.org\/{rel}","templated":true}]}}