{"id":38619,"date":"2025-06-29T12:17:09","date_gmt":"2025-06-29T09:17:09","guid":{"rendered":"https:\/\/www.egemtv.com\/?p=38619"},"modified":"2025-06-29T12:17:14","modified_gmt":"2025-06-29T09:17:14","slug":"jandarma-ekipleri-baraj-ve-goletlerde-bogulma-tehlikesine-karsi-uyardi","status":"publish","type":"post","link":"https:\/\/www.egemtv.com\/?p=38619","title":{"rendered":"Jandarma ekipleri baraj ve g\u00f6letlerde bo\u011fulma tehlikesine kar\u015f\u0131 uyard\u0131"},"content":{"rendered":"<p>Ayd\u0131n\u2019\u0131n \u00c7ine il\u00e7esinde, yaz mevsiminde artan s\u0131cakl\u0131klarla birlikte g\u00f6let ve barajlarda ya\u015fanabilecek bo\u011fulma vakalar\u0131n\u0131n \u00f6n\u00fcne ge\u00e7mek amac\u0131yla \u00c7ine \u0130l\u00e7e Jandarma Komutanl\u0131\u011f\u0131 taraf\u0131ndan kapsaml\u0131 bir g\u00fcvenlik ve bilgilendirme \u00e7al\u0131\u015fmas\u0131 ger\u00e7ekle\u015ftirildi.<\/p>\n<p>\u00c7ine \u0130l\u00e7e Jandarma Komutanl\u0131\u011f\u0131 ekiplerince \u00e7al\u0131\u015fmalar kapsam\u0131nda Seferler, Develiler ve G\u00f6kbel Da\u011f\u0131 Develiler G\u00f6leti \u00e7evresi ile ormanl\u0131k alanlarda denetimlerde bulunuldu. Denetimlerde, b\u00f6lgelerde ikaz tabelalar\u0131n\u0131n durumu, tel \u00f6rg\u00fc bulunup bulunmad\u0131\u011f\u0131 ve g\u00f6let sahas\u0131na izinsiz giri\u015f yapan ki\u015filerin olup olmad\u0131\u011f\u0131 kontrol edildi. Ayr\u0131ca b\u00f6lgede ya\u015fayan vatanda\u015flara, g\u00f6let ve barajlara girmenin hem tehlikeli hem de yasak oldu\u011funu hat\u0131rlat\u0131larak \u00fcz\u00fcc\u00fc olaylar\u0131n ya\u015fanmamas\u0131 ad\u0131na dikkatli olunmas\u0131 gerekti\u011fi belirtildi. Jandarma yetkilileri, halk\u0131n can g\u00fcvenli\u011fini korumak amac\u0131yla benzer denetim ve bilgilendirme \u00e7al\u0131\u015fmalar\u0131n\u0131n sezon boyunca devam edece\u011fini belirtti.<br \/><\/p>\n","protected":false},"excerpt":{"rendered":"<p>Ayd\u0131n\u2019\u0131n \u00c7ine il\u00e7esinde, yaz mevsiminde artan s\u0131cakl\u0131klarla birlikte g\u00f6let ve barajlarda ya\u015fanabilecek bo\u011fulma vakalar\u0131n\u0131n \u00f6n\u00fcne ge\u00e7mek amac\u0131yla \u00c7ine \u0130l\u00e7e Jandarma Komutanl\u0131\u011f\u0131 taraf\u0131ndan kapsaml\u0131 bir g\u00fcvenlik ve bilgilendirme \u00e7al\u0131\u015fmas\u0131 ger\u00e7ekle\u015ftirildi. \u00c7ine \u0130l\u00e7e Jandarma Komutanl\u0131\u011f\u0131 ekiplerince \u00e7al\u0131\u015fmalar kapsam\u0131nda Seferler, Develiler ve G\u00f6kbel Da\u011f\u0131 Develiler G\u00f6leti \u00e7evresi ile ormanl\u0131k alanlarda denetimlerde bulunuldu. Denetimlerde, b\u00f6lgelerde ikaz tabelalar\u0131n\u0131n durumu, tel&#8230;<\/p>\n","protected":false},"author":1,"featured_media":38620,"comment_status":"open","ping_status":"open","sticky":false,"template":"","format":"standard","meta":{"_crdt_document":"","footnotes":""},"categories":[1],"tags":[],"class_list":["post-38619","post","type-post","status-publish","format-standard","has-post-thumbnail","hentry","category-guncel"],"_links":{"self":[{"href":"https:\/\/www.egemtv.com\/index.php?rest_route=\/wp\/v2\/posts\/38619","targetHints":{"allow":["GET"]}}],"collection":[{"href":"https:\/\/www.egemtv.com\/index.php?rest_route=\/wp\/v2\/posts"}],"about":[{"href":"https:\/\/www.egemtv.com\/index.php?rest_route=\/wp\/v2\/types\/post"}],"author":[{"embeddable":true,"href":"https:\/\/www.egemtv.com\/index.php?rest_route=\/wp\/v2\/users\/1"}],"replies":[{"embeddable":true,"href":"https:\/\/www.egemtv.com\/index.php?rest_route=%2Fwp%2Fv2%2Fcomments&post=38619"}],"version-history":[{"count":1,"href":"https:\/\/www.egemtv.com\/index.php?rest_route=\/wp\/v2\/posts\/38619\/revisions"}],"predecessor-version":[{"id":38621,"href":"https:\/\/www.egemtv.com\/index.php?rest_route=\/wp\/v2\/posts\/38619\/revisions\/38621"}],"wp:featuredmedia":[{"embeddable":true,"href":"https:\/\/www.egemtv.com\/index.php?rest_route=\/wp\/v2\/media\/38620"}],"wp:attachment":[{"href":"https:\/\/www.egemtv.com\/index.php?rest_route=%2Fwp%2Fv2%2Fmedia&parent=38619"}],"wp:term":[{"taxonomy":"category","embeddable":true,"href":"https:\/\/www.egemtv.com\/index.php?rest_route=%2Fwp%2Fv2%2Fcategories&post=38619"},{"taxonomy":"post_tag","embeddable":true,"href":"https:\/\/www.egemtv.com\/index.php?rest_route=%2Fwp%2Fv2%2Ftags&post=38619"}],"curies":[{"name":"wp","href":"https:\/\/api.w.org\/{rel}","templated":true}]}}