{"id":38613,"date":"2025-06-29T12:17:03","date_gmt":"2025-06-29T09:17:03","guid":{"rendered":"https:\/\/www.egemtv.com\/?p=38613"},"modified":"2025-06-29T12:17:07","modified_gmt":"2025-06-29T09:17:07","slug":"manisaya-zeytinyagi-satisi-icin-giden-aydinli-genc-aracinda-olu-bulundu","status":"publish","type":"post","link":"https:\/\/www.egemtv.com\/?p=38613","title":{"rendered":"Manisa\u2019ya zeytinya\u011f\u0131 sat\u0131\u015f\u0131 i\u00e7in giden Ayd\u0131nl\u0131 gen\u00e7 arac\u0131nda \u00f6l\u00fc bulundu"},"content":{"rendered":"<p>Ayd\u0131n\u2019\u0131n K\u00f6\u015fk il\u00e7esinden Manisa\u2019ya zeytinya\u011f\u0131 sat\u0131\u015f\u0131 i\u00e7in giden \u015fah\u0131s arac\u0131nda \u00f6l\u00fc olarak bulundu.<\/p>\n<p>Olay, Manisa\u2019n\u0131n Ala\u015fehir il\u00e7esine ba\u011fl\u0131 Ilg\u0131nk\u00f6y Mahallesi\u2019nde meydana geldi. Edinilen bilgiye g\u00f6re, bo\u015f arazide park halinde bulunan kapal\u0131 kasa ticari minib\u00fcs\u00fcn i\u00e7inde hareketsiz bir ki\u015fiyi g\u00f6ren vatanda\u015flar, durumu jandarma ve sa\u011fl\u0131k ekiplerine bildirdi. Olay yerine gelen ekipler, ara\u00e7ta bulunan ki\u015finin hayat\u0131n\u0131 kaybetti\u011fini tespit etti. Yap\u0131lan incelemede \u00f6len ki\u015finin Ayd\u0131n\u2019\u0131n K\u00f6\u015fk il\u00e7esinden Manisa\u2019ya zeytinya\u011f\u0131 sat\u0131\u015f\u0131 i\u00e7in giden Sava\u015f Ok oldu\u011fu belirlendi. Savc\u0131l\u0131k ve olay yeri ekiplerinin yapt\u0131\u011f\u0131 ilk incelemede, Sava\u015f Ok\u2019un v\u00fccudunda herhangi bir darp ya da yara izine rastlan\u0131lmad\u0131\u011f\u0131 \u00f6\u011frenildi. Ok\u2019un cenazesi, kesin \u00f6l\u00fcm nedeninin belirlenmesi i\u00e7in \u0130zmir Adli T\u0131p Kurumu\u2019na g\u00f6nderildi. Evli ve bir \u00e7ocuk babas\u0131 olan Sava\u015f Ok\u2019un \u00f6l\u00fcm\u00fcyle ilgili jandarma ekipleri geni\u015f \u00e7apl\u0131 soru\u015fturma ba\u015flatt\u0131.<\/p>\n<p>Olayla ilgili soru\u015fturma s\u00fcr\u00fcyor.<br \/><\/p>\n","protected":false},"excerpt":{"rendered":"<p>Ayd\u0131n\u2019\u0131n K\u00f6\u015fk il\u00e7esinden Manisa\u2019ya zeytinya\u011f\u0131 sat\u0131\u015f\u0131 i\u00e7in giden \u015fah\u0131s arac\u0131nda \u00f6l\u00fc olarak bulundu. Olay, Manisa\u2019n\u0131n Ala\u015fehir il\u00e7esine ba\u011fl\u0131 Ilg\u0131nk\u00f6y Mahallesi\u2019nde meydana geldi. Edinilen bilgiye g\u00f6re, bo\u015f arazide park halinde bulunan kapal\u0131 kasa ticari minib\u00fcs\u00fcn i\u00e7inde hareketsiz bir ki\u015fiyi g\u00f6ren vatanda\u015flar, durumu jandarma ve sa\u011fl\u0131k ekiplerine bildirdi. Olay yerine gelen ekipler, ara\u00e7ta bulunan ki\u015finin hayat\u0131n\u0131 kaybetti\u011fini&#8230;<\/p>\n","protected":false},"author":1,"featured_media":38614,"comment_status":"open","ping_status":"open","sticky":false,"template":"","format":"standard","meta":{"_crdt_document":"","footnotes":""},"categories":[5],"tags":[],"class_list":["post-38613","post","type-post","status-publish","format-standard","has-post-thumbnail","hentry","category-asayis"],"_links":{"self":[{"href":"https:\/\/www.egemtv.com\/index.php?rest_route=\/wp\/v2\/posts\/38613","targetHints":{"allow":["GET"]}}],"collection":[{"href":"https:\/\/www.egemtv.com\/index.php?rest_route=\/wp\/v2\/posts"}],"about":[{"href":"https:\/\/www.egemtv.com\/index.php?rest_route=\/wp\/v2\/types\/post"}],"author":[{"embeddable":true,"href":"https:\/\/www.egemtv.com\/index.php?rest_route=\/wp\/v2\/users\/1"}],"replies":[{"embeddable":true,"href":"https:\/\/www.egemtv.com\/index.php?rest_route=%2Fwp%2Fv2%2Fcomments&post=38613"}],"version-history":[{"count":1,"href":"https:\/\/www.egemtv.com\/index.php?rest_route=\/wp\/v2\/posts\/38613\/revisions"}],"predecessor-version":[{"id":38615,"href":"https:\/\/www.egemtv.com\/index.php?rest_route=\/wp\/v2\/posts\/38613\/revisions\/38615"}],"wp:featuredmedia":[{"embeddable":true,"href":"https:\/\/www.egemtv.com\/index.php?rest_route=\/wp\/v2\/media\/38614"}],"wp:attachment":[{"href":"https:\/\/www.egemtv.com\/index.php?rest_route=%2Fwp%2Fv2%2Fmedia&parent=38613"}],"wp:term":[{"taxonomy":"category","embeddable":true,"href":"https:\/\/www.egemtv.com\/index.php?rest_route=%2Fwp%2Fv2%2Fcategories&post=38613"},{"taxonomy":"post_tag","embeddable":true,"href":"https:\/\/www.egemtv.com\/index.php?rest_route=%2Fwp%2Fv2%2Ftags&post=38613"}],"curies":[{"name":"wp","href":"https:\/\/api.w.org\/{rel}","templated":true}]}}