{"id":38610,"date":"2025-06-29T12:16:58","date_gmt":"2025-06-29T09:16:58","guid":{"rendered":"https:\/\/www.egemtv.com\/?p=38610"},"modified":"2025-06-29T12:17:02","modified_gmt":"2025-06-29T09:17:02","slug":"meltem-leylekoglu-tavasta-hayranlariyla-bulustu","status":"publish","type":"post","link":"https:\/\/www.egemtv.com\/?p=38610","title":{"rendered":"Meltem Leyleko\u011flu, Tavas\u2019ta hayranlar\u0131yla bulu\u015ftu"},"content":{"rendered":"<p>29. K\u0131z\u0131lcab\u00f6l\u00fck K\u00fclt\u00fcr Sanat ve Moda Festivali\u2019nde Denizlili sanat\u00e7\u0131 Meltem Leyleko\u011flu sahne ald\u0131. Meltem Leyleko\u011flu sevilen \u015fark\u0131lar\u0131yla hem\u015fehrilerine co\u015fkulu zaman ge\u00e7irtti.<br \/>\n<br \/>Tavas Belediyesi ve K\u0131z\u0131lcab\u00f6l\u00fckl\u00fcler Vakf\u0131\u2019n\u0131n ortak \u00e7al\u0131\u015fmas\u0131yla d\u00fczenlenen 29. K\u0131z\u0131lcab\u00f6l\u00fck K\u00fclt\u00fcr Sanat ve Moda Festivali\u2019nin birinci g\u00fcn\u00fcnde K\u0131z\u0131lcab\u00f6l\u00fckl\u00fc sanat\u00e7\u0131 Meltem Leyleko\u011flu sahne ald\u0131. Sevilen \u015fark\u0131lar\u0131 seslendiren Meltem Leyleko\u011flu K\u0131z\u0131lcab\u00f6l\u00fckl\u00fc vatanda\u015flara unutulmaz anlar ya\u015fatt\u0131. Konser, Tavas Kaymakam\u0131 \u0130smail Demir, Tavas Belediye Ba\u015fkan\u0131 Kadir Tat\u0131k, Beya\u011fa\u00e7 Belediye Ba\u015fkan\u0131 Sezayi P\u00fct\u00fcn, \u0130l\u00e7e Emniyet M\u00fcd\u00fcr\u00fc Ayhan Atabek, \u0130l\u00e7e Jandarma Garnizon Komutan\u0131 \u00dcste\u011fmen Fatih Sa\u011flam, K\u0131z\u0131lcab\u00f6l\u00fckl\u00fcler Vak\u0131f Ba\u015fkan\u0131 Osman Erkli ve vatanda\u015flar\u0131n kat\u0131l\u0131mlar\u0131yla ger\u00e7ekle\u015fti.<br \/>\n<br \/>Kendi memleketinde sahne alan K\u0131z\u0131lcab\u00f6l\u00fckl\u00fc sanat\u00e7\u0131 Meltem Leyleko\u011flu hem\u015fehrileriyle birlikte olmaktan mutluk duydu\u011funu ifade etti.<br \/>\n<br \/>Sanat\u00e7\u0131 Meltem Leyleko\u011flu\u2019na plaket takdim eden Tavas Belediye Ba\u015fkan\u0131 Kadir Tat\u0131k ise, &#8220;B\u00fcy\u00fck alk\u0131\u015flar\u0131 hak eden sanat\u00e7\u0131m\u0131z bug\u00fcn sahnede. Kendi evlad\u0131m\u0131z, K\u0131z\u0131lcab\u00f6l\u00fck\u2019\u00fcn evlad\u0131. Bizleri k\u0131rmay\u0131p festivalimizde sahne ald\u0131\u011f\u0131 i\u00e7in \u00e7ok te\u015fekk\u00fcr ederiz&#8221; ifadelerini kulland\u0131.<br \/><\/p>\n","protected":false},"excerpt":{"rendered":"<p>29. K\u0131z\u0131lcab\u00f6l\u00fck K\u00fclt\u00fcr Sanat ve Moda Festivali\u2019nde Denizlili sanat\u00e7\u0131 Meltem Leyleko\u011flu sahne ald\u0131. Meltem Leyleko\u011flu sevilen \u015fark\u0131lar\u0131yla hem\u015fehrilerine co\u015fkulu zaman ge\u00e7irtti. Tavas Belediyesi ve K\u0131z\u0131lcab\u00f6l\u00fckl\u00fcler Vakf\u0131\u2019n\u0131n ortak \u00e7al\u0131\u015fmas\u0131yla d\u00fczenlenen 29. K\u0131z\u0131lcab\u00f6l\u00fck K\u00fclt\u00fcr Sanat ve Moda Festivali\u2019nin birinci g\u00fcn\u00fcnde K\u0131z\u0131lcab\u00f6l\u00fckl\u00fc sanat\u00e7\u0131 Meltem Leyleko\u011flu sahne ald\u0131. Sevilen \u015fark\u0131lar\u0131 seslendiren Meltem Leyleko\u011flu K\u0131z\u0131lcab\u00f6l\u00fckl\u00fc vatanda\u015flara unutulmaz anlar ya\u015fatt\u0131. Konser,&#8230;<\/p>\n","protected":false},"author":1,"featured_media":38611,"comment_status":"open","ping_status":"open","sticky":false,"template":"","format":"standard","meta":{"_crdt_document":"","footnotes":""},"categories":[1],"tags":[],"class_list":["post-38610","post","type-post","status-publish","format-standard","has-post-thumbnail","hentry","category-guncel"],"_links":{"self":[{"href":"https:\/\/www.egemtv.com\/index.php?rest_route=\/wp\/v2\/posts\/38610","targetHints":{"allow":["GET"]}}],"collection":[{"href":"https:\/\/www.egemtv.com\/index.php?rest_route=\/wp\/v2\/posts"}],"about":[{"href":"https:\/\/www.egemtv.com\/index.php?rest_route=\/wp\/v2\/types\/post"}],"author":[{"embeddable":true,"href":"https:\/\/www.egemtv.com\/index.php?rest_route=\/wp\/v2\/users\/1"}],"replies":[{"embeddable":true,"href":"https:\/\/www.egemtv.com\/index.php?rest_route=%2Fwp%2Fv2%2Fcomments&post=38610"}],"version-history":[{"count":1,"href":"https:\/\/www.egemtv.com\/index.php?rest_route=\/wp\/v2\/posts\/38610\/revisions"}],"predecessor-version":[{"id":38612,"href":"https:\/\/www.egemtv.com\/index.php?rest_route=\/wp\/v2\/posts\/38610\/revisions\/38612"}],"wp:featuredmedia":[{"embeddable":true,"href":"https:\/\/www.egemtv.com\/index.php?rest_route=\/wp\/v2\/media\/38611"}],"wp:attachment":[{"href":"https:\/\/www.egemtv.com\/index.php?rest_route=%2Fwp%2Fv2%2Fmedia&parent=38610"}],"wp:term":[{"taxonomy":"category","embeddable":true,"href":"https:\/\/www.egemtv.com\/index.php?rest_route=%2Fwp%2Fv2%2Fcategories&post=38610"},{"taxonomy":"post_tag","embeddable":true,"href":"https:\/\/www.egemtv.com\/index.php?rest_route=%2Fwp%2Fv2%2Ftags&post=38610"}],"curies":[{"name":"wp","href":"https:\/\/api.w.org\/{rel}","templated":true}]}}