{"id":38607,"date":"2025-06-29T12:16:54","date_gmt":"2025-06-29T09:16:54","guid":{"rendered":"https:\/\/www.egemtv.com\/?p=38607"},"modified":"2025-06-29T12:16:58","modified_gmt":"2025-06-29T09:16:58","slug":"didimde-makilik-alan-yangini","status":"publish","type":"post","link":"https:\/\/www.egemtv.com\/?p=38607","title":{"rendered":"Didim\u2019de makilik alan yang\u0131n\u0131"},"content":{"rendered":"<p>Ayd\u0131n\u2019\u0131n Didim il\u00e7esinde makilik alanda \u00e7\u0131kan yang\u0131na ekiplerin havadan ve karadan m\u00fcdahaleleri s\u00fcr\u00fcyor.<\/p>\n<p>Yang\u0131n, Fevzipa\u015fa Mahallesi yak\u0131nlar\u0131ndaki makilik alanda saat 11.00 s\u0131ralar\u0131nda meydana geldi. Edinilen bilgiye g\u00f6re alandan alevlerin y\u00fckseldi\u011fini fark eden vatanda\u015flar durumu 112 Acil \u00c7a\u011fr\u0131 Merkezi\u2019ne bildirdi. \u0130hbar \u00fczerine b\u00f6lgeye Ayd\u0131n B\u00fcy\u00fck\u015fehir Belediyesi \u0130tfaiye Daire Ba\u015fkanl\u0131\u011f\u0131 ve Mu\u011fla Orman B\u00f6lge M\u00fcd\u00fcrl\u00fc\u011f\u00fc ekipleri sevk edildi. K\u0131sa s\u00fcrede olay yerine gelen ekipler alevlere karadan m\u00fcdahale ederken, Mu\u011fla Orman B\u00f6lge M\u00fcd\u00fcrl\u00fc\u011f\u00fc\u2019ne ba\u011fl\u0131 4 helikopter ve 3 u\u00e7ak da havadan destek veriyor.<br \/><\/p>\n","protected":false},"excerpt":{"rendered":"<p>Ayd\u0131n\u2019\u0131n Didim il\u00e7esinde makilik alanda \u00e7\u0131kan yang\u0131na ekiplerin havadan ve karadan m\u00fcdahaleleri s\u00fcr\u00fcyor. Yang\u0131n, Fevzipa\u015fa Mahallesi yak\u0131nlar\u0131ndaki makilik alanda saat 11.00 s\u0131ralar\u0131nda meydana geldi. Edinilen bilgiye g\u00f6re alandan alevlerin y\u00fckseldi\u011fini fark eden vatanda\u015flar durumu 112 Acil \u00c7a\u011fr\u0131 Merkezi\u2019ne bildirdi. \u0130hbar \u00fczerine b\u00f6lgeye Ayd\u0131n B\u00fcy\u00fck\u015fehir Belediyesi \u0130tfaiye Daire Ba\u015fkanl\u0131\u011f\u0131 ve Mu\u011fla Orman B\u00f6lge M\u00fcd\u00fcrl\u00fc\u011f\u00fc ekipleri sevk&#8230;<\/p>\n","protected":false},"author":1,"featured_media":38608,"comment_status":"open","ping_status":"open","sticky":false,"template":"","format":"standard","meta":{"_crdt_document":"","footnotes":""},"categories":[5],"tags":[],"class_list":["post-38607","post","type-post","status-publish","format-standard","has-post-thumbnail","hentry","category-asayis"],"_links":{"self":[{"href":"https:\/\/www.egemtv.com\/index.php?rest_route=\/wp\/v2\/posts\/38607","targetHints":{"allow":["GET"]}}],"collection":[{"href":"https:\/\/www.egemtv.com\/index.php?rest_route=\/wp\/v2\/posts"}],"about":[{"href":"https:\/\/www.egemtv.com\/index.php?rest_route=\/wp\/v2\/types\/post"}],"author":[{"embeddable":true,"href":"https:\/\/www.egemtv.com\/index.php?rest_route=\/wp\/v2\/users\/1"}],"replies":[{"embeddable":true,"href":"https:\/\/www.egemtv.com\/index.php?rest_route=%2Fwp%2Fv2%2Fcomments&post=38607"}],"version-history":[{"count":1,"href":"https:\/\/www.egemtv.com\/index.php?rest_route=\/wp\/v2\/posts\/38607\/revisions"}],"predecessor-version":[{"id":38609,"href":"https:\/\/www.egemtv.com\/index.php?rest_route=\/wp\/v2\/posts\/38607\/revisions\/38609"}],"wp:featuredmedia":[{"embeddable":true,"href":"https:\/\/www.egemtv.com\/index.php?rest_route=\/wp\/v2\/media\/38608"}],"wp:attachment":[{"href":"https:\/\/www.egemtv.com\/index.php?rest_route=%2Fwp%2Fv2%2Fmedia&parent=38607"}],"wp:term":[{"taxonomy":"category","embeddable":true,"href":"https:\/\/www.egemtv.com\/index.php?rest_route=%2Fwp%2Fv2%2Fcategories&post=38607"},{"taxonomy":"post_tag","embeddable":true,"href":"https:\/\/www.egemtv.com\/index.php?rest_route=%2Fwp%2Fv2%2Ftags&post=38607"}],"curies":[{"name":"wp","href":"https:\/\/api.w.org\/{rel}","templated":true}]}}