{"id":38604,"date":"2025-06-29T11:56:06","date_gmt":"2025-06-29T08:56:06","guid":{"rendered":"https:\/\/www.egemtv.com\/?p=38604"},"modified":"2025-06-29T11:56:11","modified_gmt":"2025-06-29T08:56:11","slug":"zor-zamanlar-okuyucuyla-bulustu","status":"publish","type":"post","link":"https:\/\/www.egemtv.com\/?p=38604","title":{"rendered":"&#8220;Zor Zamanlar&#8221; okuyucuyla bulu\u015ftu"},"content":{"rendered":"<p>\u00c7e\u015fmeli yazar Mehmet Culum\u2019un son eseri Zor Zamanlar, raflardaki yerini al\u0131rken, yazar da kitab\u0131yla ilgili d\u00fc\u015f\u00fcncelerini okurlar\u0131yla payla\u015ft\u0131.<br \/>\n<br \/>\u00c7e\u015fme Belediyesi\u2019nin d\u00fczenledi\u011fi &#8220;Il\u0131ca\u2019dan Ata\u2019ya Selam&#8221; etkinli\u011finde okurlar\u0131yla bulu\u015fan Culum, hem Zor Zamanlar\u0131 hem de \u00f6nceki eserlerini imzalad\u0131. Etkinlikte yo\u011fun ilgi g\u00f6ren yazar, kitab\u0131n ortaya \u00e7\u0131k\u0131\u015f s\u00fcrecine dair \u015fu ifadeleri kulland\u0131:<br \/>\n<br \/>&#8220;Son zamanlarda \u00e7e\u015fitli s\u00f6yle\u015fi ve imza g\u00fcnlerimde, baz\u0131 okurlar\u0131m\u0131n be\u015f kitab\u0131m\u0131 birden al\u0131p okumakta zorland\u0131\u011f\u0131n\u0131 g\u00f6zlemledim. Bu da bende, daha ince ama yine de olabildi\u011fince kapsaml\u0131 bir kitap yazma d\u00fc\u015f\u00fcncesini do\u011furdu. \u0130\u015fte elinizde tuttu\u011funuz bu \u2018hik\u00e2ye\u2019 kitab\u0131m, bu d\u00fc\u015f\u00fcncelerle ortaya \u00e7\u0131kt\u0131. Kitab\u0131mda, titizlikle derledi\u011fim ola\u011fan\u00fcst\u00fc hik\u00e2yelerimi; insan ya\u015famlar\u0131n\u0131n inan\u0131lmas\u0131 g\u00fc\u00e7 dilimleriyle birlikte tarihsel bir boyut i\u00e7inde anlat\u0131yorum. \u00c7\u00fcnk\u00fc insan ve tarih, kendimi bildim bileli vazge\u00e7emedi\u011fim iki \u00f6ncelik olmu\u015ftur.&#8221;<br \/>\n<br \/>Culum, eserlerinde s\u0131k\u00e7a yer verdi\u011fi co\u011frafi ve k\u00fclt\u00fcrel arka plana da \u015fu s\u00f6zlerle de\u011findi:<br \/>\n<br \/>&#8220;\u00c7e\u015fme-Il\u0131ca-Ala\u00e7at\u0131 \u00fc\u00e7geninde do\u011fup b\u00fcy\u00fcd\u00fc\u011f\u00fcm i\u00e7in, kitaplar\u0131mda yer alan hik\u00e2yelerin \u00e7o\u011funda T\u00fcrk-Yunan sosyolojik olaylar\u0131, k\u00fclt\u00fcrleri ve tarihsel geli\u015fmeleri i\u015flerim. Zor Zamanlar da bu \u00e7izgide bir kitap. Yal\u0131n ama derin anlat\u0131m\u0131yla, yine bu b\u00f6lgenin insan\u0131na ve tarihine dair \u00e7ok \u015fey anlat\u0131yor.&#8221;<br \/>\n<br \/>Yazar, kitab\u0131 yaln\u0131zca tarih\u00ee ya da co\u011frafi bir anlat\u0131 olarak de\u011fil, ayn\u0131 zamanda insan ruhunun ve ya\u015fam\u0131n derinliklerine dair k\u0131sa ama \u00e7arp\u0131c\u0131 bir bak\u0131\u015f olarak \u015f\u00f6yle tan\u0131ml\u0131yor:<br \/>\n<br \/>&#8220;Romanlar\u0131m\u0131n ard\u0131ndan bu kez daha farkl\u0131 bir anlat\u0131 t\u00fcr\u00fcyle, ama yine ayn\u0131 \u00f6zenle haz\u0131rlanm\u0131\u015f bir ba\u015fucu kitab\u0131 sunuyorum. Umuyorum ki okurlar\u0131m bu hik\u00e2yelerde kendilerinden, ge\u00e7mi\u015flerinden, \u00e7evrelerinden bir par\u00e7a bulur.&#8221;<br \/>\n<br \/>Zor Zamanlar, &#8220;Mehmet Culum\u2019un anlat\u0131 gelene\u011fini s\u00fcrd\u00fcren, fakat hacmi bak\u0131m\u0131ndan daha sade; i\u00e7eri\u011fiyle ise yine derinlikli bir kitap&#8221; olarak be\u011feniye sunuldu.<br \/><\/p>\n","protected":false},"excerpt":{"rendered":"<p>\u00c7e\u015fmeli yazar Mehmet Culum\u2019un son eseri Zor Zamanlar, raflardaki yerini al\u0131rken, yazar da kitab\u0131yla ilgili d\u00fc\u015f\u00fcncelerini okurlar\u0131yla payla\u015ft\u0131. \u00c7e\u015fme Belediyesi\u2019nin d\u00fczenledi\u011fi &#8220;Il\u0131ca\u2019dan Ata\u2019ya Selam&#8221; etkinli\u011finde okurlar\u0131yla bulu\u015fan Culum, hem Zor Zamanlar\u0131 hem de \u00f6nceki eserlerini imzalad\u0131. Etkinlikte yo\u011fun ilgi g\u00f6ren yazar, kitab\u0131n ortaya \u00e7\u0131k\u0131\u015f s\u00fcrecine dair \u015fu ifadeleri kulland\u0131: &#8220;Son zamanlarda \u00e7e\u015fitli s\u00f6yle\u015fi ve imza&#8230;<\/p>\n","protected":false},"author":1,"featured_media":38605,"comment_status":"open","ping_status":"open","sticky":false,"template":"","format":"standard","meta":{"_crdt_document":"","footnotes":""},"categories":[1],"tags":[],"class_list":["post-38604","post","type-post","status-publish","format-standard","has-post-thumbnail","hentry","category-guncel"],"_links":{"self":[{"href":"https:\/\/www.egemtv.com\/index.php?rest_route=\/wp\/v2\/posts\/38604","targetHints":{"allow":["GET"]}}],"collection":[{"href":"https:\/\/www.egemtv.com\/index.php?rest_route=\/wp\/v2\/posts"}],"about":[{"href":"https:\/\/www.egemtv.com\/index.php?rest_route=\/wp\/v2\/types\/post"}],"author":[{"embeddable":true,"href":"https:\/\/www.egemtv.com\/index.php?rest_route=\/wp\/v2\/users\/1"}],"replies":[{"embeddable":true,"href":"https:\/\/www.egemtv.com\/index.php?rest_route=%2Fwp%2Fv2%2Fcomments&post=38604"}],"version-history":[{"count":1,"href":"https:\/\/www.egemtv.com\/index.php?rest_route=\/wp\/v2\/posts\/38604\/revisions"}],"predecessor-version":[{"id":38606,"href":"https:\/\/www.egemtv.com\/index.php?rest_route=\/wp\/v2\/posts\/38604\/revisions\/38606"}],"wp:featuredmedia":[{"embeddable":true,"href":"https:\/\/www.egemtv.com\/index.php?rest_route=\/wp\/v2\/media\/38605"}],"wp:attachment":[{"href":"https:\/\/www.egemtv.com\/index.php?rest_route=%2Fwp%2Fv2%2Fmedia&parent=38604"}],"wp:term":[{"taxonomy":"category","embeddable":true,"href":"https:\/\/www.egemtv.com\/index.php?rest_route=%2Fwp%2Fv2%2Fcategories&post=38604"},{"taxonomy":"post_tag","embeddable":true,"href":"https:\/\/www.egemtv.com\/index.php?rest_route=%2Fwp%2Fv2%2Ftags&post=38604"}],"curies":[{"name":"wp","href":"https:\/\/api.w.org\/{rel}","templated":true}]}}