{"id":38601,"date":"2025-06-29T10:55:41","date_gmt":"2025-06-29T07:55:41","guid":{"rendered":"https:\/\/www.egemtv.com\/?p=38601"},"modified":"2025-06-29T10:55:46","modified_gmt":"2025-06-29T07:55:46","slug":"tavsanlida-galatasarayin-25-lig-sampiyonlugu-coskuyla-kutlandi","status":"publish","type":"post","link":"https:\/\/www.egemtv.com\/?p=38601","title":{"rendered":"Tav\u015fanl\u0131\u2019da Galatasaray\u2019\u0131n 25. lig \u015fampiyonlu\u011fu co\u015fkuyla kutland\u0131"},"content":{"rendered":"<p>K\u00fctahya\u2019n\u0131n Tav\u015fanl\u0131 il\u00e7esinde Galatasarayl\u0131lar Derne\u011fi taraf\u0131ndan d\u00fczenlenen etkinlikle sar\u0131-k\u0131rm\u0131z\u0131l\u0131lar\u0131n Trendyol S\u00fcper Lig\u2019deki 25. \u015fampiyonlu\u011fu co\u015fkuyla kutland\u0131.<br \/>\n<br \/>Nurcan Mola Park Cafe\u2019de ger\u00e7ekle\u015fen kutlamaya Tav\u015fanl\u0131 Belediye Ba\u015fkan\u0131 Ali Kemal Derin, Ba\u015fkan Yard\u0131mc\u0131s\u0131 \u0130rfan G\u00fcle\u00e7 ve \u00e7ok say\u0131da Galatasaray taraftar\u0131 kat\u0131ld\u0131. Dernek yetkilileri yapt\u0131\u011f\u0131 a\u00e7\u0131klamada &#8220;25 \u015fampiyonlu\u011fumuz, ger\u00e7ek 5 y\u0131ld\u0131zl\u0131, kimsenin bir \u015fey diyemeyece\u011fi, b\u00fct\u00fcn rakiplerimizi yenerek bu mutlu g\u00fcne ula\u015ft\u0131k&#8221; ifadelerini kullanarak, bu ba\u015far\u0131da Galatasaray Kul\u00fcb\u00fc\u2019ne te\u015fekk\u00fcrlerini iletti.<br \/>\n<br \/>Kutlamalar\u0131n en dikkat \u00e7ekici yan\u0131, bir\u00e7ok yerde tek kupayla yap\u0131lan kutlamalar\u0131n aksine Tav\u015fanl\u0131\u2019da \u00e7ift kupayla ger\u00e7ekle\u015ftirilmesi oldu. Galatasarayl\u0131lar Derne\u011fi Genel Sekreteri Hakan Canbulat, Galatasaray Spor Kul\u00fcb\u00fc ile yap\u0131lan yo\u011fun g\u00f6r\u00fc\u015fmeler sonucunda her iki kupan\u0131n da Tav\u015fanl\u0131\u2019ya getirilebildi\u011fini belirtti. Canbulat, kupalar\u0131n bir g\u00fcn \u00f6nce U\u015fak\u2019ta oldu\u011funu ve sonras\u0131nda Tav\u015fanl\u0131\u2019ya ula\u015ft\u0131\u011f\u0131n\u0131 aktard\u0131.<br \/>\n<br \/>\u015eampiyonluk kutlamalar\u0131 boyunca havai fi\u015fek g\u00f6sterileri yap\u0131ld\u0131 ve taraftarlar, \u015fampiyonluk kupalar\u0131yla bol bol hat\u0131ra foto\u011fraf\u0131 \u00e7ektirdi.<br \/><\/p>\n","protected":false},"excerpt":{"rendered":"<p>K\u00fctahya\u2019n\u0131n Tav\u015fanl\u0131 il\u00e7esinde Galatasarayl\u0131lar Derne\u011fi taraf\u0131ndan d\u00fczenlenen etkinlikle sar\u0131-k\u0131rm\u0131z\u0131l\u0131lar\u0131n Trendyol S\u00fcper Lig\u2019deki 25. \u015fampiyonlu\u011fu co\u015fkuyla kutland\u0131. Nurcan Mola Park Cafe\u2019de ger\u00e7ekle\u015fen kutlamaya Tav\u015fanl\u0131 Belediye Ba\u015fkan\u0131 Ali Kemal Derin, Ba\u015fkan Yard\u0131mc\u0131s\u0131 \u0130rfan G\u00fcle\u00e7 ve \u00e7ok say\u0131da Galatasaray taraftar\u0131 kat\u0131ld\u0131. Dernek yetkilileri yapt\u0131\u011f\u0131 a\u00e7\u0131klamada &#8220;25 \u015fampiyonlu\u011fumuz, ger\u00e7ek 5 y\u0131ld\u0131zl\u0131, kimsenin bir \u015fey diyemeyece\u011fi, b\u00fct\u00fcn rakiplerimizi yenerek bu&#8230;<\/p>\n","protected":false},"author":1,"featured_media":38602,"comment_status":"open","ping_status":"open","sticky":false,"template":"","format":"standard","meta":{"_crdt_document":"","footnotes":""},"categories":[4],"tags":[],"class_list":["post-38601","post","type-post","status-publish","format-standard","has-post-thumbnail","hentry","category-spor"],"_links":{"self":[{"href":"https:\/\/www.egemtv.com\/index.php?rest_route=\/wp\/v2\/posts\/38601","targetHints":{"allow":["GET"]}}],"collection":[{"href":"https:\/\/www.egemtv.com\/index.php?rest_route=\/wp\/v2\/posts"}],"about":[{"href":"https:\/\/www.egemtv.com\/index.php?rest_route=\/wp\/v2\/types\/post"}],"author":[{"embeddable":true,"href":"https:\/\/www.egemtv.com\/index.php?rest_route=\/wp\/v2\/users\/1"}],"replies":[{"embeddable":true,"href":"https:\/\/www.egemtv.com\/index.php?rest_route=%2Fwp%2Fv2%2Fcomments&post=38601"}],"version-history":[{"count":1,"href":"https:\/\/www.egemtv.com\/index.php?rest_route=\/wp\/v2\/posts\/38601\/revisions"}],"predecessor-version":[{"id":38603,"href":"https:\/\/www.egemtv.com\/index.php?rest_route=\/wp\/v2\/posts\/38601\/revisions\/38603"}],"wp:featuredmedia":[{"embeddable":true,"href":"https:\/\/www.egemtv.com\/index.php?rest_route=\/wp\/v2\/media\/38602"}],"wp:attachment":[{"href":"https:\/\/www.egemtv.com\/index.php?rest_route=%2Fwp%2Fv2%2Fmedia&parent=38601"}],"wp:term":[{"taxonomy":"category","embeddable":true,"href":"https:\/\/www.egemtv.com\/index.php?rest_route=%2Fwp%2Fv2%2Fcategories&post=38601"},{"taxonomy":"post_tag","embeddable":true,"href":"https:\/\/www.egemtv.com\/index.php?rest_route=%2Fwp%2Fv2%2Ftags&post=38601"}],"curies":[{"name":"wp","href":"https:\/\/api.w.org\/{rel}","templated":true}]}}