{"id":38595,"date":"2025-06-29T10:17:11","date_gmt":"2025-06-29T07:17:11","guid":{"rendered":"https:\/\/www.egemtv.com\/?p=38595"},"modified":"2025-06-29T10:17:15","modified_gmt":"2025-06-29T07:17:15","slug":"horozkoy-yangini-kontrol-altina-alindi","status":"publish","type":"post","link":"https:\/\/www.egemtv.com\/?p=38595","title":{"rendered":"Horozk\u00f6y yang\u0131n\u0131 kontrol alt\u0131na al\u0131nd\u0131"},"content":{"rendered":"<p>Ayd\u0131n\u2019\u0131n Efeler il\u00e7esinde ormanl\u0131k alanda \u00e7\u0131kan yang\u0131n kontrol alt\u0131na al\u0131nd\u0131.<\/p>\n<p>Edinilen bilgiye g\u00f6re, Horozk\u00f6y Mahallesi\u2019ndeki ormanl\u0131k alanda 28 Haziran Cumartesi g\u00fcn\u00fc saat 16.55 itibariyle hen\u00fcz bilinmeyen bir nedenle yang\u0131n \u00e7\u0131kt\u0131. Yang\u0131n ihbar\u0131n\u0131n ard\u0131ndan b\u00f6lgeye Ayd\u0131n B\u00fcy\u00fck\u015fehir Belediyesi ve Mu\u011fla Orman B\u00f6lge M\u00fcd\u00fcrl\u00fc\u011f\u00fc yang\u0131n s\u00f6nd\u00fcrme ekipleri sevk edildi. Yang\u0131na havadan ve karadan m\u00fcdahale edildi. Gece boyunca alevlerle m\u00fccadele eden ekipler yang\u0131n\u0131 kontrol alt\u0131na ald\u0131. Ekiplerin b\u00f6lgede so\u011futma \u00e7al\u0131\u015fmalar\u0131 s\u00fcr\u00fcyor.<br \/><\/p>\n","protected":false},"excerpt":{"rendered":"<p>Ayd\u0131n\u2019\u0131n Efeler il\u00e7esinde ormanl\u0131k alanda \u00e7\u0131kan yang\u0131n kontrol alt\u0131na al\u0131nd\u0131. Edinilen bilgiye g\u00f6re, Horozk\u00f6y Mahallesi\u2019ndeki ormanl\u0131k alanda 28 Haziran Cumartesi g\u00fcn\u00fc saat 16.55 itibariyle hen\u00fcz bilinmeyen bir nedenle yang\u0131n \u00e7\u0131kt\u0131. Yang\u0131n ihbar\u0131n\u0131n ard\u0131ndan b\u00f6lgeye Ayd\u0131n B\u00fcy\u00fck\u015fehir Belediyesi ve Mu\u011fla Orman B\u00f6lge M\u00fcd\u00fcrl\u00fc\u011f\u00fc yang\u0131n s\u00f6nd\u00fcrme ekipleri sevk edildi. Yang\u0131na havadan ve karadan m\u00fcdahale edildi. Gece boyunca&#8230;<\/p>\n","protected":false},"author":1,"featured_media":38596,"comment_status":"open","ping_status":"open","sticky":false,"template":"","format":"standard","meta":{"_crdt_document":"","footnotes":""},"categories":[5],"tags":[],"class_list":["post-38595","post","type-post","status-publish","format-standard","has-post-thumbnail","hentry","category-asayis"],"_links":{"self":[{"href":"https:\/\/www.egemtv.com\/index.php?rest_route=\/wp\/v2\/posts\/38595","targetHints":{"allow":["GET"]}}],"collection":[{"href":"https:\/\/www.egemtv.com\/index.php?rest_route=\/wp\/v2\/posts"}],"about":[{"href":"https:\/\/www.egemtv.com\/index.php?rest_route=\/wp\/v2\/types\/post"}],"author":[{"embeddable":true,"href":"https:\/\/www.egemtv.com\/index.php?rest_route=\/wp\/v2\/users\/1"}],"replies":[{"embeddable":true,"href":"https:\/\/www.egemtv.com\/index.php?rest_route=%2Fwp%2Fv2%2Fcomments&post=38595"}],"version-history":[{"count":1,"href":"https:\/\/www.egemtv.com\/index.php?rest_route=\/wp\/v2\/posts\/38595\/revisions"}],"predecessor-version":[{"id":38597,"href":"https:\/\/www.egemtv.com\/index.php?rest_route=\/wp\/v2\/posts\/38595\/revisions\/38597"}],"wp:featuredmedia":[{"embeddable":true,"href":"https:\/\/www.egemtv.com\/index.php?rest_route=\/wp\/v2\/media\/38596"}],"wp:attachment":[{"href":"https:\/\/www.egemtv.com\/index.php?rest_route=%2Fwp%2Fv2%2Fmedia&parent=38595"}],"wp:term":[{"taxonomy":"category","embeddable":true,"href":"https:\/\/www.egemtv.com\/index.php?rest_route=%2Fwp%2Fv2%2Fcategories&post=38595"},{"taxonomy":"post_tag","embeddable":true,"href":"https:\/\/www.egemtv.com\/index.php?rest_route=%2Fwp%2Fv2%2Ftags&post=38595"}],"curies":[{"name":"wp","href":"https:\/\/api.w.org\/{rel}","templated":true}]}}