{"id":38592,"date":"2025-06-29T10:17:07","date_gmt":"2025-06-29T07:17:07","guid":{"rendered":"https:\/\/www.egemtv.com\/?p=38592"},"modified":"2025-06-29T10:17:11","modified_gmt":"2025-06-29T07:17:11","slug":"sagalassosta-tarih-ve-sanat-bulustu-antik-kentte-ilk-gece-gosterisi-yapildi","status":"publish","type":"post","link":"https:\/\/www.egemtv.com\/?p=38592","title":{"rendered":"Sagalassos\u2019ta tarih ve sanat bulu\u015ftu, antik kentte ilk gece g\u00f6sterisi yap\u0131ld\u0131"},"content":{"rendered":"<p>Sagalassos Antik Kenti, Anadolu Ate\u015fi Dans Toplulu\u011fu\u2019nun unutulmaz g\u00f6sterisiyle tarih ve sanat\u0131n e\u015fsiz bulu\u015fmas\u0131na sahne oldu. \u0130lk kez d\u00fczenlenen gece etkinli\u011fi, binlerce yerli ve yabanc\u0131 ziyaret\u00e7iyi b\u00fcy\u00fclerken, antik \u00e7e\u015fmenin renkli \u0131\u015f\u0131klarla ayd\u0131nlat\u0131lmas\u0131yla g\u00f6rsel bir \u015f\u00f6len ya\u015fand\u0131.<br \/>\n<br \/>Lavanta Hasat ve Sanat G\u00fcnleri kapsam\u0131nda, Sagalassos Antik Kenti binlerce y\u0131l sonra ilk kez bir gece etkinli\u011fine ev sahipli\u011fi yapt\u0131. Tarihi ta\u015flar\u0131n g\u00f6lgesinde sahne alan Anadolu Ate\u015fi Dans Toplulu\u011fu, izleyenlere unutulmaz bir gece ya\u015fatt\u0131.<br \/>\n<br \/>Yakla\u015f\u0131k 5 bin yerli ve yabanc\u0131 ziyaret\u00e7inin kat\u0131ld\u0131\u011f\u0131 etkinlikte, g\u00f6steri \u00f6ncesi ve sonras\u0131 ger\u00e7ekle\u015ftirilen DJ performans\u0131 ile izleyiciler keyifli anlar ya\u015fad\u0131. Program kapsam\u0131nda ayr\u0131ca G\u00fczel Sanatlar Lisesi \u00f6\u011frencileri ve \u00f6\u011fretmenleri mini konser verdi.<\/p>\n<p>&#8220;Gece m\u00fczecili\u011fi ba\u015fl\u0131yor&#8221;<br \/>\n<br \/>Etkinli\u011fe kat\u0131lan Burdur Valisi T\u00fclay Baydar Bilgihan, K\u00fclt\u00fcr ve Turizm Bakanl\u0131\u011f\u0131 \u00f6nc\u00fcl\u00fc\u011f\u00fcnde y\u00fcr\u00fct\u00fclen Gelece\u011fe Miras Projesi kapsam\u0131nda Sagalassos\u2019ta kaz\u0131 \u00e7al\u0131\u015fmalar\u0131n\u0131n s\u00fcrd\u00fc\u011f\u00fcn\u00fc belirterek, &#8220;Sagalassos Antik Kenti\u2019nde bir y\u0131l\u0131 a\u015fk\u0131n s\u00fcredir kaz\u0131lar devam ediyor. Gece ayd\u0131nlatmas\u0131 konusunda \u00f6nemli ilerlemeler kaydedildi. Eyl\u00fcl ay\u0131 itibar\u0131yla gece m\u00fczecili\u011fi ba\u015flayacak. Hem Bilkent \u00dcniversitesi hem de Mehmet Akif Ersoy \u00dcniversitesi bu alanda ciddi katk\u0131 sa\u011fl\u0131yor. Sagalassos\u2019u daha fazla tarih ve k\u00fclt\u00fcr merakl\u0131s\u0131yla bulu\u015fturmay\u0131 hedefliyoruz&#8221; dedi.<\/p>\n<p>&#8220;\u0130lk gece g\u00f6sterisi bizim i\u00e7in b\u00fcy\u00fck gurur&#8221;<br \/>\n<br \/>Anadolu Ate\u015fi e\u011fitmeni ve dans\u00e7\u0131s\u0131 Fatih K\u0131z\u0131k da duygular\u0131n\u0131, &#8220;Yakla\u015f\u0131k 18 y\u0131ld\u0131r Anadolu Ate\u015fi\u2019nde dans ediyorum. \u0130lk kez memleketim Burdur\u2019da sahne al\u0131yorum. Sagalassos\u2019un ilk gece g\u00f6sterisinin bize nasip olmas\u0131 bizim i\u00e7in b\u00fcy\u00fck bir onur. 95\u2019ten fazla \u00fclkede g\u00f6steriler yapt\u0131k. Yaz boyunca Antalya Aspendos ba\u015fta olmak \u00fczere bir\u00e7ok kentte sahne almaya devam edece\u011fiz&#8221; ifadelerini kulland\u0131.<\/p>\n<p>Tarihi \u00e7e\u015fme \u0131\u015f\u0131kla bulu\u015ftu<br \/>\n<br \/>Etkinlik s\u0131ras\u0131nda, antik kentin en g\u00f6rkemli yap\u0131lar\u0131ndan biri olan ve hala su akan Antoninler \u00c7e\u015fmesi, renkli \u0131\u015f\u0131klarla ayd\u0131nlat\u0131ld\u0131. Y\u00fczlerce y\u0131ll\u0131k ta\u015flar\u0131n aras\u0131nda y\u00fckselen \u0131\u015f\u0131klar ve m\u00fczik, ziyaret\u00e7ilere g\u00f6rsel bir \u015f\u00f6len sundu.<\/p>\n<p>Sagalassos\u2019tan yeni bir ba\u015flang\u0131\u00e7<br \/>\n<br \/>Pisidya\u2019n\u0131n en \u00f6nemli antik kentlerinden biri olan ve &#8220;A\u015fklar ve \u0130mparatorlar \u015eehri&#8221; olarak da bilinen Sagalassos, bu etkinlikle hem tarih\u00ee kimli\u011fini hem de k\u00fclt\u00fcrel potansiyelini bir kez daha ortaya koydu. Sanatla harmanlanan tarih, b\u00f6lge turizmine de yeni bir soluk getirdi.<br \/><\/p>\n","protected":false},"excerpt":{"rendered":"<p>Sagalassos Antik Kenti, Anadolu Ate\u015fi Dans Toplulu\u011fu\u2019nun unutulmaz g\u00f6sterisiyle tarih ve sanat\u0131n e\u015fsiz bulu\u015fmas\u0131na sahne oldu. \u0130lk kez d\u00fczenlenen gece etkinli\u011fi, binlerce yerli ve yabanc\u0131 ziyaret\u00e7iyi b\u00fcy\u00fclerken, antik \u00e7e\u015fmenin renkli \u0131\u015f\u0131klarla ayd\u0131nlat\u0131lmas\u0131yla g\u00f6rsel bir \u015f\u00f6len ya\u015fand\u0131. Lavanta Hasat ve Sanat G\u00fcnleri kapsam\u0131nda, Sagalassos Antik Kenti binlerce y\u0131l sonra ilk kez bir gece etkinli\u011fine ev sahipli\u011fi&#8230;<\/p>\n","protected":false},"author":1,"featured_media":38593,"comment_status":"open","ping_status":"open","sticky":false,"template":"","format":"standard","meta":{"_crdt_document":"","footnotes":""},"categories":[1],"tags":[],"class_list":["post-38592","post","type-post","status-publish","format-standard","has-post-thumbnail","hentry","category-guncel"],"_links":{"self":[{"href":"https:\/\/www.egemtv.com\/index.php?rest_route=\/wp\/v2\/posts\/38592","targetHints":{"allow":["GET"]}}],"collection":[{"href":"https:\/\/www.egemtv.com\/index.php?rest_route=\/wp\/v2\/posts"}],"about":[{"href":"https:\/\/www.egemtv.com\/index.php?rest_route=\/wp\/v2\/types\/post"}],"author":[{"embeddable":true,"href":"https:\/\/www.egemtv.com\/index.php?rest_route=\/wp\/v2\/users\/1"}],"replies":[{"embeddable":true,"href":"https:\/\/www.egemtv.com\/index.php?rest_route=%2Fwp%2Fv2%2Fcomments&post=38592"}],"version-history":[{"count":1,"href":"https:\/\/www.egemtv.com\/index.php?rest_route=\/wp\/v2\/posts\/38592\/revisions"}],"predecessor-version":[{"id":38594,"href":"https:\/\/www.egemtv.com\/index.php?rest_route=\/wp\/v2\/posts\/38592\/revisions\/38594"}],"wp:featuredmedia":[{"embeddable":true,"href":"https:\/\/www.egemtv.com\/index.php?rest_route=\/wp\/v2\/media\/38593"}],"wp:attachment":[{"href":"https:\/\/www.egemtv.com\/index.php?rest_route=%2Fwp%2Fv2%2Fmedia&parent=38592"}],"wp:term":[{"taxonomy":"category","embeddable":true,"href":"https:\/\/www.egemtv.com\/index.php?rest_route=%2Fwp%2Fv2%2Fcategories&post=38592"},{"taxonomy":"post_tag","embeddable":true,"href":"https:\/\/www.egemtv.com\/index.php?rest_route=%2Fwp%2Fv2%2Ftags&post=38592"}],"curies":[{"name":"wp","href":"https:\/\/api.w.org\/{rel}","templated":true}]}}