{"id":38397,"date":"2025-06-28T11:35:40","date_gmt":"2025-06-28T08:35:40","guid":{"rendered":"https:\/\/www.egemtv.com\/?p=38397"},"modified":"2025-06-28T11:35:45","modified_gmt":"2025-06-28T08:35:45","slug":"bodrum-belediyesi-sehir-tiyatrosu-odulle-dondu","status":"publish","type":"post","link":"https:\/\/www.egemtv.com\/?p=38397","title":{"rendered":"Bodrum Belediyesi \u015eehir Tiyatrosu \u00f6d\u00fclle d\u00f6nd\u00fc"},"content":{"rendered":"<p>Bu y\u0131l alt\u0131nc\u0131s\u0131 d\u00fczenlenen Ege Tiyatrolar Birli\u011fi \u00d6zdemir Nutku Tiyatro \u00d6d\u00fclleri t\u00f6reninden Bodrum Belediyesi \u015eehir Tiyatrosu, \u00f6nemli bir \u00f6d\u00fclle d\u00f6nd\u00fc.<\/p>\n<p>26 Haziran Per\u015fembe g\u00fcn\u00fc \u0130zmir\u2019de ger\u00e7ekle\u015ftirilen \u00f6d\u00fcl t\u00f6reninde, tiyatronun grafik ve dekor tasar\u0131m sanat\u00e7\u0131s\u0131 Serkan Akt\u00fc, sahneye koyulan &#8220;\u00c7i\u00e7u&#8221; adl\u0131 oyunun afi\u015f tasar\u0131m\u0131yla &#8220;Y\u0131l\u0131n En \u0130yi Oyun Afi\u015f Tasar\u0131m\u0131&#8221; \u00f6d\u00fcl\u00fcne lay\u0131k g\u00f6r\u00fcld\u00fc.<\/p>\n<p>Ge\u00e7ti\u011fimiz May\u0131s ay\u0131nda adayl\u0131\u011f\u0131 a\u00e7\u0131klanan Akt\u00fc, \u00f6zg\u00fcn ve dikkat \u00e7ekici tasar\u0131m\u0131yla Bodrum Belediyesi \u015eehir Tiyatrosu\u2019na anlaml\u0131 bir ba\u015far\u0131 kazand\u0131rd\u0131.<\/p>\n<p>Bodrum Belediyesi \u015eehir Tiyatrosu taraf\u0131ndan yap\u0131lan a\u00e7\u0131klamada, &#8220;Sanat\u00e7\u0131m\u0131z Serkan Akt\u00fc\u2019y\u00fc bu de\u011ferli \u00f6d\u00fcl i\u00e7in kutluyor, ba\u015far\u0131lar\u0131n\u0131n devam\u0131n\u0131 diliyoruz&#8221; ifadelerine yer verildi.<br \/><\/p>\n","protected":false},"excerpt":{"rendered":"<p>Bu y\u0131l alt\u0131nc\u0131s\u0131 d\u00fczenlenen Ege Tiyatrolar Birli\u011fi \u00d6zdemir Nutku Tiyatro \u00d6d\u00fclleri t\u00f6reninden Bodrum Belediyesi \u015eehir Tiyatrosu, \u00f6nemli bir \u00f6d\u00fclle d\u00f6nd\u00fc. 26 Haziran Per\u015fembe g\u00fcn\u00fc \u0130zmir\u2019de ger\u00e7ekle\u015ftirilen \u00f6d\u00fcl t\u00f6reninde, tiyatronun grafik ve dekor tasar\u0131m sanat\u00e7\u0131s\u0131 Serkan Akt\u00fc, sahneye koyulan &#8220;\u00c7i\u00e7u&#8221; adl\u0131 oyunun afi\u015f tasar\u0131m\u0131yla &#8220;Y\u0131l\u0131n En \u0130yi Oyun Afi\u015f Tasar\u0131m\u0131&#8221; \u00f6d\u00fcl\u00fcne lay\u0131k g\u00f6r\u00fcld\u00fc. Ge\u00e7ti\u011fimiz May\u0131s ay\u0131nda&#8230;<\/p>\n","protected":false},"author":1,"featured_media":38398,"comment_status":"open","ping_status":"open","sticky":false,"template":"","format":"standard","meta":{"_crdt_document":"","footnotes":""},"categories":[1],"tags":[],"class_list":["post-38397","post","type-post","status-publish","format-standard","has-post-thumbnail","hentry","category-guncel"],"_links":{"self":[{"href":"https:\/\/www.egemtv.com\/index.php?rest_route=\/wp\/v2\/posts\/38397","targetHints":{"allow":["GET"]}}],"collection":[{"href":"https:\/\/www.egemtv.com\/index.php?rest_route=\/wp\/v2\/posts"}],"about":[{"href":"https:\/\/www.egemtv.com\/index.php?rest_route=\/wp\/v2\/types\/post"}],"author":[{"embeddable":true,"href":"https:\/\/www.egemtv.com\/index.php?rest_route=\/wp\/v2\/users\/1"}],"replies":[{"embeddable":true,"href":"https:\/\/www.egemtv.com\/index.php?rest_route=%2Fwp%2Fv2%2Fcomments&post=38397"}],"version-history":[{"count":1,"href":"https:\/\/www.egemtv.com\/index.php?rest_route=\/wp\/v2\/posts\/38397\/revisions"}],"predecessor-version":[{"id":38399,"href":"https:\/\/www.egemtv.com\/index.php?rest_route=\/wp\/v2\/posts\/38397\/revisions\/38399"}],"wp:featuredmedia":[{"embeddable":true,"href":"https:\/\/www.egemtv.com\/index.php?rest_route=\/wp\/v2\/media\/38398"}],"wp:attachment":[{"href":"https:\/\/www.egemtv.com\/index.php?rest_route=%2Fwp%2Fv2%2Fmedia&parent=38397"}],"wp:term":[{"taxonomy":"category","embeddable":true,"href":"https:\/\/www.egemtv.com\/index.php?rest_route=%2Fwp%2Fv2%2Fcategories&post=38397"},{"taxonomy":"post_tag","embeddable":true,"href":"https:\/\/www.egemtv.com\/index.php?rest_route=%2Fwp%2Fv2%2Ftags&post=38397"}],"curies":[{"name":"wp","href":"https:\/\/api.w.org\/{rel}","templated":true}]}}