{"id":38394,"date":"2025-06-28T10:56:06","date_gmt":"2025-06-28T07:56:06","guid":{"rendered":"https:\/\/www.egemtv.com\/?p=38394"},"modified":"2025-06-28T10:56:11","modified_gmt":"2025-06-28T07:56:11","slug":"kutahyanin-kulturel-mirasi-sitki-olcar-cini-muzesi-sanatseverleri-agirlamayi-surduruyor","status":"publish","type":"post","link":"https:\/\/www.egemtv.com\/?p=38394","title":{"rendered":"K\u00fctahya\u2019n\u0131n k\u00fclt\u00fcrel miras\u0131 \u2019S\u0131tk\u0131 Ol\u00e7ar \u00c7ini M\u00fczesi\u2019 sanatseverleri a\u011f\u0131rlamay\u0131 s\u00fcrd\u00fcr\u00fcyor"},"content":{"rendered":"<p>K\u00fctahya\u2019n\u0131n tarihi Germiyan Soka\u011f\u0131\u2019nda yer alan S\u0131tk\u0131 Ol\u00e7ar \u00c7ini M\u00fczesi, \u015fehrin y\u00fczy\u0131llara dayanan \u00e7ini gelene\u011fini ya\u015fatmaya ve sanatseverlerle bulu\u015fturmaya devam ediyor.<br \/>\n<br \/>K\u00fctahya Belediyesi taraf\u0131ndan, d\u00fcnyaca \u00fcnl\u00fc \u00e7ini ustas\u0131 merhum S\u0131tk\u0131 Ol\u00e7ar\u2019\u0131n an\u0131s\u0131n\u0131 ya\u015fatmak amac\u0131yla kurulan m\u00fcze, hem tarihi bir de\u011fer hem de k\u00fclt\u00fcrel bir miras olarak \u00f6n plana \u00e7\u0131k\u0131yor. Cumhurba\u015fkan\u0131 Recep Tayyip Erdo\u011fan\u2019\u0131n talimat\u0131yla hayata ge\u00e7irilen m\u00fczenin a\u00e7\u0131l\u0131\u015f\u0131, 2016 y\u0131l\u0131nda d\u00f6nemin K\u00fclt\u00fcr ve Turizm Bakan\u0131 Nabi Avc\u0131 taraf\u0131ndan yap\u0131ld\u0131. Ol\u00e7ar ailesinin \u015fartl\u0131 ba\u011f\u0131\u015f\u0131yla K\u00fctahya Belediyesi\u2019ne devredilen m\u00fcze, g\u00fcn\u00fcm\u00fczde K\u00fclt\u00fcr ve Turizm Bakanl\u0131\u011f\u0131\u2019na ba\u011fl\u0131 \u00f6zel m\u00fcze stat\u00fcs\u00fcnde faaliyet g\u00f6steriyor.<\/p>\n<p>\u00c7ini sanat\u0131na evrensel bir kimlik kazand\u0131rd\u0131<br \/>\n<br \/>2008 y\u0131l\u0131nda UNESCO taraf\u0131ndan \u2019Ya\u015fayan \u0130nsan Hazinesi\u2019 unvan\u0131na lay\u0131k g\u00f6r\u00fclen S\u0131tk\u0131 Ol\u00e7ar, K\u00fctahya \u00e7inisini uluslararas\u0131 sanat sahnesine ta\u015f\u0131yan en \u00f6nemli sanat\u00e7\u0131lardan biri olarak haf\u0131zalara kaz\u0131nd\u0131. Geleneksel desenleri \u00f6zg\u00fcn yorumlarla birle\u015ftirerek modern formlara ta\u015f\u0131yan Ol\u00e7ar, binlerce esere imza atarak \u00e7ini sanat\u0131na evrensel bir kimlik kazand\u0131rd\u0131. S\u0131tk\u0131 usta, 2010 y\u0131l\u0131nda hayat\u0131n\u0131 kaybetti.<\/p>\n<p>Her bir eser K\u00fctahya\u2019n\u0131n tarihi, ruhu ve el sanatlar\u0131ndaki ustal\u0131\u011f\u0131n\u0131 yans\u0131t\u0131yor<br \/>\n<br \/>Bug\u00fcn m\u00fcze hem Ol\u00e7ar\u2019\u0131n e\u015fsiz eserlerine hem de onun izinden giden k\u0131z\u0131 Nida Ol\u00e7ar\u2019\u0131n \u00e7a\u011fda\u015f \u00e7ini tasar\u0131mlar\u0131na ev sahipli\u011fi yap\u0131yor. Geleneksel el sanatlar\u0131n\u0131 modern \u00e7izgilerle yeniden yorumlayan Nida Ol\u00e7ar, babas\u0131ndan devrald\u0131\u011f\u0131 sanat at\u00f6lyesinde \u00e7ini k\u00fclt\u00fcr\u00fcn\u00fc ya\u015fatmay\u0131 s\u00fcrd\u00fcr\u00fcyor.M\u00fczeyi ziyaret edenler, S\u0131tk\u0131 Ol\u00e7ar\u2019\u0131n zarif i\u015f\u00e7ili\u011fe sahip eserlerini yak\u0131ndan inceleme f\u0131rsat\u0131 bulurken, ayn\u0131 zamanda Nida Ol\u00e7ar\u2019\u0131n \u00f6zg\u00fcn \u00e7al\u0131\u015fmalar\u0131yla tan\u0131\u015fma imk\u00e2n\u0131 da elde ediyor. Sergilenen her bir eser, K\u00fctahya\u2019n\u0131n tarihi, ruhu ve el sanatlar\u0131ndaki ustal\u0131\u011f\u0131n\u0131 yans\u0131t\u0131yor.<br \/>\n<br \/>S\u0131tk\u0131 Ol\u00e7ar \u00c7ini M\u00fczesi, K\u00fctahya\u2019n\u0131n k\u00fclt\u00fcrel haf\u0131zas\u0131n\u0131 koruyan ve sanatla i\u00e7 i\u00e7e bir deneyim sunan nadide adreslerden biri olarak kente gelen t\u00fcm ziyaret\u00e7ilere a\u00e7\u0131k olmaya devam ediyor.<br \/><\/p>\n","protected":false},"excerpt":{"rendered":"<p>K\u00fctahya\u2019n\u0131n tarihi Germiyan Soka\u011f\u0131\u2019nda yer alan S\u0131tk\u0131 Ol\u00e7ar \u00c7ini M\u00fczesi, \u015fehrin y\u00fczy\u0131llara dayanan \u00e7ini gelene\u011fini ya\u015fatmaya ve sanatseverlerle bulu\u015fturmaya devam ediyor. K\u00fctahya Belediyesi taraf\u0131ndan, d\u00fcnyaca \u00fcnl\u00fc \u00e7ini ustas\u0131 merhum S\u0131tk\u0131 Ol\u00e7ar\u2019\u0131n an\u0131s\u0131n\u0131 ya\u015fatmak amac\u0131yla kurulan m\u00fcze, hem tarihi bir de\u011fer hem de k\u00fclt\u00fcrel bir miras olarak \u00f6n plana \u00e7\u0131k\u0131yor. Cumhurba\u015fkan\u0131 Recep Tayyip Erdo\u011fan\u2019\u0131n talimat\u0131yla hayata&#8230;<\/p>\n","protected":false},"author":1,"featured_media":38395,"comment_status":"open","ping_status":"open","sticky":false,"template":"","format":"standard","meta":{"_crdt_document":"","footnotes":""},"categories":[1],"tags":[],"class_list":["post-38394","post","type-post","status-publish","format-standard","has-post-thumbnail","hentry","category-guncel"],"_links":{"self":[{"href":"https:\/\/www.egemtv.com\/index.php?rest_route=\/wp\/v2\/posts\/38394","targetHints":{"allow":["GET"]}}],"collection":[{"href":"https:\/\/www.egemtv.com\/index.php?rest_route=\/wp\/v2\/posts"}],"about":[{"href":"https:\/\/www.egemtv.com\/index.php?rest_route=\/wp\/v2\/types\/post"}],"author":[{"embeddable":true,"href":"https:\/\/www.egemtv.com\/index.php?rest_route=\/wp\/v2\/users\/1"}],"replies":[{"embeddable":true,"href":"https:\/\/www.egemtv.com\/index.php?rest_route=%2Fwp%2Fv2%2Fcomments&post=38394"}],"version-history":[{"count":1,"href":"https:\/\/www.egemtv.com\/index.php?rest_route=\/wp\/v2\/posts\/38394\/revisions"}],"predecessor-version":[{"id":38396,"href":"https:\/\/www.egemtv.com\/index.php?rest_route=\/wp\/v2\/posts\/38394\/revisions\/38396"}],"wp:featuredmedia":[{"embeddable":true,"href":"https:\/\/www.egemtv.com\/index.php?rest_route=\/wp\/v2\/media\/38395"}],"wp:attachment":[{"href":"https:\/\/www.egemtv.com\/index.php?rest_route=%2Fwp%2Fv2%2Fmedia&parent=38394"}],"wp:term":[{"taxonomy":"category","embeddable":true,"href":"https:\/\/www.egemtv.com\/index.php?rest_route=%2Fwp%2Fv2%2Fcategories&post=38394"},{"taxonomy":"post_tag","embeddable":true,"href":"https:\/\/www.egemtv.com\/index.php?rest_route=%2Fwp%2Fv2%2Ftags&post=38394"}],"curies":[{"name":"wp","href":"https:\/\/api.w.org\/{rel}","templated":true}]}}