{"id":38379,"date":"2025-06-28T10:16:49","date_gmt":"2025-06-28T07:16:49","guid":{"rendered":"https:\/\/www.egemtv.com\/?p=38379"},"modified":"2025-06-28T10:16:56","modified_gmt":"2025-06-28T07:16:56","slug":"izinsiz-tekne-turunu-jandarma-sonlandirdi","status":"publish","type":"post","link":"https:\/\/www.egemtv.com\/?p=38379","title":{"rendered":"\u0130zinsiz tekne turunu Jandarma sonland\u0131rd\u0131"},"content":{"rendered":"<p>Ayd\u0131n\u2019\u0131n S\u00f6ke il\u00e7esi Bafa G\u00f6l\u00fc\u2019nde izinsiz olarak tekne turu d\u00fczenleyen \u015fah\u0131s hakk\u0131nda i\u015flem yap\u0131ld\u0131.<br \/>\n<br \/>S\u00f6ke \u0130l\u00e7e Jandarma Komutanl\u0131\u011f\u0131nca 2873 Say\u0131l\u0131 Milli Parklar Kanununa Muhalefet su\u00e7una y\u00f6nelik \u00e7al\u0131\u015fma ger\u00e7ekle\u015ftirildi. Jandarma Asayi\u015f Bot Tim Komutanl\u0131\u011f\u0131nca S\u00f6ke il\u00e7esi Bafa G\u00f6l\u00fc Ser\u00e7in Mahallesi\u2019nde icra edilen K\u0131y\u0131 Kontrol devriyesinde kay\u0131k ba\u011flama alan\u0131nda yap\u0131lan kontrollerde M.K. isimli \u015fahs\u0131n izinsiz olarak tekne turu d\u00fczenledi\u011fi tespit edildi. Konu hakk\u0131nda i\u015flem yap\u0131lmas\u0131 amac\u0131yla d\u00fczenlenen belgeler Milli Parklar M\u00fcd\u00fcrl\u00fc\u011f\u00fc ve Ayd\u0131n Defterdarl\u0131\u011f\u0131na g\u00f6nderilece\u011fi \u00f6\u011frenildi.<br \/><\/p>\n","protected":false},"excerpt":{"rendered":"<p>Ayd\u0131n\u2019\u0131n S\u00f6ke il\u00e7esi Bafa G\u00f6l\u00fc\u2019nde izinsiz olarak tekne turu d\u00fczenleyen \u015fah\u0131s hakk\u0131nda i\u015flem yap\u0131ld\u0131. S\u00f6ke \u0130l\u00e7e Jandarma Komutanl\u0131\u011f\u0131nca 2873 Say\u0131l\u0131 Milli Parklar Kanununa Muhalefet su\u00e7una y\u00f6nelik \u00e7al\u0131\u015fma ger\u00e7ekle\u015ftirildi. Jandarma Asayi\u015f Bot Tim Komutanl\u0131\u011f\u0131nca S\u00f6ke il\u00e7esi Bafa G\u00f6l\u00fc Ser\u00e7in Mahallesi\u2019nde icra edilen K\u0131y\u0131 Kontrol devriyesinde kay\u0131k ba\u011flama alan\u0131nda yap\u0131lan kontrollerde M.K. isimli \u015fahs\u0131n izinsiz olarak tekne&#8230;<\/p>\n","protected":false},"author":1,"featured_media":38380,"comment_status":"open","ping_status":"open","sticky":false,"template":"","format":"standard","meta":{"_crdt_document":"","footnotes":""},"categories":[5],"tags":[],"class_list":["post-38379","post","type-post","status-publish","format-standard","has-post-thumbnail","hentry","category-asayis"],"_links":{"self":[{"href":"https:\/\/www.egemtv.com\/index.php?rest_route=\/wp\/v2\/posts\/38379","targetHints":{"allow":["GET"]}}],"collection":[{"href":"https:\/\/www.egemtv.com\/index.php?rest_route=\/wp\/v2\/posts"}],"about":[{"href":"https:\/\/www.egemtv.com\/index.php?rest_route=\/wp\/v2\/types\/post"}],"author":[{"embeddable":true,"href":"https:\/\/www.egemtv.com\/index.php?rest_route=\/wp\/v2\/users\/1"}],"replies":[{"embeddable":true,"href":"https:\/\/www.egemtv.com\/index.php?rest_route=%2Fwp%2Fv2%2Fcomments&post=38379"}],"version-history":[{"count":1,"href":"https:\/\/www.egemtv.com\/index.php?rest_route=\/wp\/v2\/posts\/38379\/revisions"}],"predecessor-version":[{"id":38381,"href":"https:\/\/www.egemtv.com\/index.php?rest_route=\/wp\/v2\/posts\/38379\/revisions\/38381"}],"wp:featuredmedia":[{"embeddable":true,"href":"https:\/\/www.egemtv.com\/index.php?rest_route=\/wp\/v2\/media\/38380"}],"wp:attachment":[{"href":"https:\/\/www.egemtv.com\/index.php?rest_route=%2Fwp%2Fv2%2Fmedia&parent=38379"}],"wp:term":[{"taxonomy":"category","embeddable":true,"href":"https:\/\/www.egemtv.com\/index.php?rest_route=%2Fwp%2Fv2%2Fcategories&post=38379"},{"taxonomy":"post_tag","embeddable":true,"href":"https:\/\/www.egemtv.com\/index.php?rest_route=%2Fwp%2Fv2%2Ftags&post=38379"}],"curies":[{"name":"wp","href":"https:\/\/api.w.org\/{rel}","templated":true}]}}