{"id":38376,"date":"2025-06-28T10:16:44","date_gmt":"2025-06-28T07:16:44","guid":{"rendered":"https:\/\/www.egemtv.com\/?p=38376"},"modified":"2025-06-28T10:16:49","modified_gmt":"2025-06-28T07:16:49","slug":"sultaniye-uzumu-ciftcinin-bas-taci","status":"publish","type":"post","link":"https:\/\/www.egemtv.com\/?p=38376","title":{"rendered":"Sultaniye \u00dcz\u00fcm\u00fc \u00e7ift\u00e7inin ba\u015f tac\u0131"},"content":{"rendered":"<p>Manisa\u2019n\u0131n Sar\u0131g\u00f6l Ovas\u0131\u2019nda yeti\u015ftirilen d\u00fcnyaca \u00fcnl\u00fc \u00e7ekirdeksiz sofral\u0131k Sultaniye \u00fcz\u00fcm, \u00fcreticilerin adeta ba\u015f tac\u0131 olmaya devam ediyor. Hasat d\u00f6nemine yakla\u015f\u0131ld\u0131k\u00e7a \u00fcz\u00fcm salk\u0131mlar\u0131 daha albenili bir g\u00f6r\u00fcn\u00fcm kazan\u0131rken, ba\u011flarda da hummal\u0131 bir bak\u0131m s\u00fcreci ya\u015fan\u0131yor.<br \/>\n<br \/>Sultaniye \u00fcz\u00fcm hasad\u0131na a\u011fustos ay\u0131n\u0131n 20\u2019sinden sonra ba\u015flanmas\u0131 planlan\u0131rken, \u00fcz\u00fcm\u00fcn ya\u015f olarak sat\u0131\u015f\u0131n\u0131n yap\u0131labilmesi i\u00e7in ise \u00fcreticiler, salk\u0131mlarda kal\u0131nt\u0131 b\u0131rakmayan tar\u0131m ila\u00e7lar\u0131 kullanarak sezona haz\u0131rlan\u0131yor.<br \/>\n<br \/>Sar\u0131g\u00f6l Ovas\u0131\u2019nda \u00fcz\u00fcm sezonu, temmuz ay\u0131nda erkenci t\u00fcrlerden olan S\u00fcperyol ve Antep Karas\u0131 gibi \u00e7e\u015fitlerle ba\u015flarken, a\u011fustos sonu itibar\u0131yla Sultaniye hasad\u0131 devreye girerek, sezon y\u0131l sonuna kadar devam ediyor. \u00dcreticiler, &#8220;ba\u015f tac\u0131m\u0131z&#8221; dedikleri Sultaniye \u00fcz\u00fcm i\u00e7in ba\u011flarda gece g\u00fcnd\u00fcz yo\u011fun emek harc\u0131yor.<\/p>\n<p>Gizem, Sultaniye tac\u0131 ile sosyal medyada be\u011feni toplad\u0131<br \/>\n<br \/>Sar\u0131g\u00f6ll\u00fc \u00fcz\u00fcm \u00fcreticisi ve serbest ziraat m\u00fchendisi Mustafa \u00c7ink\u0131l\u0131\u00e7\u2019\u0131n k\u0131z\u0131 k\u00fc\u00e7\u00fck Gizem, ba\u011fda Sultaniye \u00fcz\u00fcm salk\u0131mlar\u0131n\u0131n \u00f6n\u00fcnde ba\u015f\u0131na takt\u0131\u011f\u0131 ta\u00e7 ile \u00e7ektirdi\u011fi foto\u011frafla sosyal medyada b\u00fcy\u00fck ilgi g\u00f6rd\u00fc.<br \/>\n<br \/>K\u0131z\u0131n\u0131n foto\u011fraf\u0131n\u0131 \u00e7ekmek i\u00e7in birlikte ba\u011fa gittiklerini anlatan Mustafa \u00c7ink\u0131l\u0131\u00e7, &#8220;Sultaniye, Sar\u0131g\u00f6l i\u00e7in ger\u00e7ekten ba\u015f tac\u0131 bir \u00fcr\u00fcn. K\u0131z\u0131m \u00fcz\u00fcm salk\u0131m\u0131yla foto\u011fraf \u00e7ektirece\u011fimizi duyunca evden ta\u00e7 ald\u0131. G\u00fczel de bir foto\u011fraf oldu.&#8221; dedi.<br \/>\n<br \/>Sar\u0131g\u00f6l ve \u00e7evresinde yakla\u015f\u0131k 113 bin dekarl\u0131k alanda Sultaniye \u00fcz\u00fcm yeti\u015ftiriliyor. \u0130l\u00e7ede ayr\u0131ca dokuz farkl\u0131 \u00fcz\u00fcm t\u00fcr\u00fc daha \u00fcretiliyor. Sar\u0131g\u00f6l, bu \u00fcretim potansiyeliyle &#8220;\u00dcz\u00fcm\u00fcn Ba\u015fkenti&#8221; unvan\u0131n\u0131 elinde bulundururken, \u00fcretilen \u00fcz\u00fcmlerin y\u00fczde 80\u2019i ise ya\u015f olarak ihra\u00e7 ediliyor.<br \/><\/p>\n","protected":false},"excerpt":{"rendered":"<p>Manisa\u2019n\u0131n Sar\u0131g\u00f6l Ovas\u0131\u2019nda yeti\u015ftirilen d\u00fcnyaca \u00fcnl\u00fc \u00e7ekirdeksiz sofral\u0131k Sultaniye \u00fcz\u00fcm, \u00fcreticilerin adeta ba\u015f tac\u0131 olmaya devam ediyor. Hasat d\u00f6nemine yakla\u015f\u0131ld\u0131k\u00e7a \u00fcz\u00fcm salk\u0131mlar\u0131 daha albenili bir g\u00f6r\u00fcn\u00fcm kazan\u0131rken, ba\u011flarda da hummal\u0131 bir bak\u0131m s\u00fcreci ya\u015fan\u0131yor. Sultaniye \u00fcz\u00fcm hasad\u0131na a\u011fustos ay\u0131n\u0131n 20\u2019sinden sonra ba\u015flanmas\u0131 planlan\u0131rken, \u00fcz\u00fcm\u00fcn ya\u015f olarak sat\u0131\u015f\u0131n\u0131n yap\u0131labilmesi i\u00e7in ise \u00fcreticiler, salk\u0131mlarda kal\u0131nt\u0131 b\u0131rakmayan tar\u0131m&#8230;<\/p>\n","protected":false},"author":1,"featured_media":38377,"comment_status":"open","ping_status":"open","sticky":false,"template":"","format":"standard","meta":{"_crdt_document":"","footnotes":""},"categories":[125],"tags":[],"class_list":["post-38376","post","type-post","status-publish","format-standard","has-post-thumbnail","hentry","category-ekonomi"],"_links":{"self":[{"href":"https:\/\/www.egemtv.com\/index.php?rest_route=\/wp\/v2\/posts\/38376","targetHints":{"allow":["GET"]}}],"collection":[{"href":"https:\/\/www.egemtv.com\/index.php?rest_route=\/wp\/v2\/posts"}],"about":[{"href":"https:\/\/www.egemtv.com\/index.php?rest_route=\/wp\/v2\/types\/post"}],"author":[{"embeddable":true,"href":"https:\/\/www.egemtv.com\/index.php?rest_route=\/wp\/v2\/users\/1"}],"replies":[{"embeddable":true,"href":"https:\/\/www.egemtv.com\/index.php?rest_route=%2Fwp%2Fv2%2Fcomments&post=38376"}],"version-history":[{"count":1,"href":"https:\/\/www.egemtv.com\/index.php?rest_route=\/wp\/v2\/posts\/38376\/revisions"}],"predecessor-version":[{"id":38378,"href":"https:\/\/www.egemtv.com\/index.php?rest_route=\/wp\/v2\/posts\/38376\/revisions\/38378"}],"wp:featuredmedia":[{"embeddable":true,"href":"https:\/\/www.egemtv.com\/index.php?rest_route=\/wp\/v2\/media\/38377"}],"wp:attachment":[{"href":"https:\/\/www.egemtv.com\/index.php?rest_route=%2Fwp%2Fv2%2Fmedia&parent=38376"}],"wp:term":[{"taxonomy":"category","embeddable":true,"href":"https:\/\/www.egemtv.com\/index.php?rest_route=%2Fwp%2Fv2%2Fcategories&post=38376"},{"taxonomy":"post_tag","embeddable":true,"href":"https:\/\/www.egemtv.com\/index.php?rest_route=%2Fwp%2Fv2%2Ftags&post=38376"}],"curies":[{"name":"wp","href":"https:\/\/api.w.org\/{rel}","templated":true}]}}