{"id":38370,"date":"2025-06-28T09:56:23","date_gmt":"2025-06-28T06:56:23","guid":{"rendered":"https:\/\/www.egemtv.com\/?p=38370"},"modified":"2025-06-28T09:56:27","modified_gmt":"2025-06-28T06:56:27","slug":"nazillide-uyusturucu-operasyonu","status":"publish","type":"post","link":"https:\/\/www.egemtv.com\/?p=38370","title":{"rendered":"Nazilli\u2019de uyu\u015fturucu operasyonu"},"content":{"rendered":"<p>Ayd\u0131n\u2019\u0131n Nazilli il\u00e7esinde bir evde yap\u0131lan aramada 438 gram uyu\u015fturucu madde ele ge\u00e7irildi.<\/p>\n<p>Ayd\u0131n \u0130l Jandarma Komutanl\u0131\u011f\u0131 Narkotik \u015eube M\u00fcd\u00fcrl\u00fc\u011f\u00fc ve Nazilli \u0130l\u00e7e Jandarma Komutanl\u0131\u011f\u0131nca uyu\u015fturucu madde imale ve ticaretine y\u00f6nelik icra edilen koordineli faaliyette Nazilli il\u00e7esinde H.E. (26)  isimli \u015f\u00fcpheli \u015fahs\u0131n ikametinde ve eklentilerinde yap\u0131lan aramada, 438 gram metamfetamin 1 adet cep telefonu ele ge\u00e7irildi. Yakalanan \u015f\u00fcpheli hakk\u0131nda adli s\u00fcrecin devam etti\u011fi \u00f6\u011frenildi.<br \/><\/p>\n","protected":false},"excerpt":{"rendered":"<p>Ayd\u0131n\u2019\u0131n Nazilli il\u00e7esinde bir evde yap\u0131lan aramada 438 gram uyu\u015fturucu madde ele ge\u00e7irildi. Ayd\u0131n \u0130l Jandarma Komutanl\u0131\u011f\u0131 Narkotik \u015eube M\u00fcd\u00fcrl\u00fc\u011f\u00fc ve Nazilli \u0130l\u00e7e Jandarma Komutanl\u0131\u011f\u0131nca uyu\u015fturucu madde imale ve ticaretine y\u00f6nelik icra edilen koordineli faaliyette Nazilli il\u00e7esinde H.E. (26) isimli \u015f\u00fcpheli \u015fahs\u0131n ikametinde ve eklentilerinde yap\u0131lan aramada, 438 gram metamfetamin 1 adet cep telefonu ele&#8230;<\/p>\n","protected":false},"author":1,"featured_media":38371,"comment_status":"open","ping_status":"open","sticky":false,"template":"","format":"standard","meta":{"_crdt_document":"","footnotes":""},"categories":[5],"tags":[],"class_list":["post-38370","post","type-post","status-publish","format-standard","has-post-thumbnail","hentry","category-asayis"],"_links":{"self":[{"href":"https:\/\/www.egemtv.com\/index.php?rest_route=\/wp\/v2\/posts\/38370","targetHints":{"allow":["GET"]}}],"collection":[{"href":"https:\/\/www.egemtv.com\/index.php?rest_route=\/wp\/v2\/posts"}],"about":[{"href":"https:\/\/www.egemtv.com\/index.php?rest_route=\/wp\/v2\/types\/post"}],"author":[{"embeddable":true,"href":"https:\/\/www.egemtv.com\/index.php?rest_route=\/wp\/v2\/users\/1"}],"replies":[{"embeddable":true,"href":"https:\/\/www.egemtv.com\/index.php?rest_route=%2Fwp%2Fv2%2Fcomments&post=38370"}],"version-history":[{"count":1,"href":"https:\/\/www.egemtv.com\/index.php?rest_route=\/wp\/v2\/posts\/38370\/revisions"}],"predecessor-version":[{"id":38372,"href":"https:\/\/www.egemtv.com\/index.php?rest_route=\/wp\/v2\/posts\/38370\/revisions\/38372"}],"wp:featuredmedia":[{"embeddable":true,"href":"https:\/\/www.egemtv.com\/index.php?rest_route=\/wp\/v2\/media\/38371"}],"wp:attachment":[{"href":"https:\/\/www.egemtv.com\/index.php?rest_route=%2Fwp%2Fv2%2Fmedia&parent=38370"}],"wp:term":[{"taxonomy":"category","embeddable":true,"href":"https:\/\/www.egemtv.com\/index.php?rest_route=%2Fwp%2Fv2%2Fcategories&post=38370"},{"taxonomy":"post_tag","embeddable":true,"href":"https:\/\/www.egemtv.com\/index.php?rest_route=%2Fwp%2Fv2%2Ftags&post=38370"}],"curies":[{"name":"wp","href":"https:\/\/api.w.org\/{rel}","templated":true}]}}