{"id":38352,"date":"2025-06-28T09:17:04","date_gmt":"2025-06-28T06:17:04","guid":{"rendered":"https:\/\/www.egemtv.com\/?p=38352"},"modified":"2025-06-28T09:17:10","modified_gmt":"2025-06-28T06:17:10","slug":"tavasta-alt-yapi-ve-ust-yapi-yenileme-calismalari-devam-ediyor","status":"publish","type":"post","link":"https:\/\/www.egemtv.com\/?p=38352","title":{"rendered":"Tavas\u2019ta alt yap\u0131 ve \u00fcst yap\u0131 yenileme \u00e7al\u0131\u015fmalar\u0131 devam ediyor"},"content":{"rendered":"<p>Tavas Belediyesi vatanda\u015flar\u0131n sa\u011fl\u0131kl\u0131 su kullanmalar\u0131 amac\u0131yla asbestli i\u00e7me suyu hatt\u0131n\u0131 ve g\u00fcvenli ula\u015f\u0131m sa\u011flamalar\u0131 i\u00e7in \u00fcst yap\u0131 yenileme \u00e7al\u0131\u015fmalar\u0131n\u0131 s\u00fcrd\u00fcr\u00fcyor.<br \/>\n<br \/>Tavas Belediyesi ve Denizli B\u00fcy\u00fck\u015fehir Belediyesi i\u015fbirli\u011fi ile Tavas Ba\u011flar yolunda alt yap\u0131 ve \u00fcst yap\u0131 yenileme \u00e7al\u0131\u015fmalar\u0131 devam ediyor. Vatanda\u015flar\u0131n sa\u011fl\u0131kl\u0131 su kullanmalar\u0131 amac\u0131yla i\u00e7me suyu hatt\u0131ndaki 600 metrelik asbestli borular yenilendi. Bin 300 metrelik bozuk olan Tavas Ba\u011flar yolu vatanda\u015flar\u0131n konforlu ve g\u00fcvenli ula\u015f\u0131m sa\u011flamalar\u0131 i\u00e7in yenilenerek \u00e7ift y\u00f6nl\u00fc modern yol yenilemesi yap\u0131l\u0131yor ayr\u0131ca yo\u011fun ya\u011fmur ya\u011f\u0131\u015f\u0131 sonras\u0131 yolda olu\u015fan su birikintisi ve su bask\u0131n\u0131 olaylar\u0131n\u0131n \u00f6nlenmesi amac\u0131yla da  800 metre uzunlu\u011funda yeni bir ya\u011fmur suyu hatt\u0131 d\u00f6\u015fendi.<br \/>\n<br \/>Konuyla ilgili sosyal medyadan a\u00e7\u0131klama yapan Tavas Belediye Ba\u015fkan\u0131 Kadir Tat\u0131k; &#8220;Tavas Ba\u011flar Yolu\u2019nda, Denizli B\u00fcy\u00fck\u015fehir Belediyemizin katk\u0131lar\u0131yla y\u00fcr\u00fct\u00fclen kapsaml\u0131 yol ve altyap\u0131 \u00e7al\u0131\u015fmalar\u0131n\u0131 yerinde inceledik. 1300 metre uzunlu\u011fa ve 13 metre geni\u015fli\u011fe sahip bu cadde, \u00e7ift y\u00f6nl\u00fc olarak modern standartlara uygun \u015fekilde yenileniyor. Yol boyunca kurulacak yeni nesil ayd\u0131nlatma sistemleri sayesinde b\u00f6lge hem daha g\u00fcvenli hem de daha estetik bir g\u00f6r\u00fcn\u00fcme kavu\u015facak. \u00d6nceki d\u00f6nemlerde yo\u011fun ya\u011f\u0131\u015flarda altyap\u0131n\u0131n yetersiz kalmas\u0131 nedeniyle b\u00f6lgede zaman zaman su bask\u0131nlar\u0131 ya\u015fan\u0131yordu. Bu sorunu ortadan kald\u0131rmak amac\u0131yla 800 metre uzunlu\u011funda yeni bir ya\u011fmur suyu hatt\u0131 d\u00f6\u015fendi. Ayr\u0131ca halk sa\u011fl\u0131\u011f\u0131 a\u00e7\u0131s\u0131ndan b\u00fcy\u00fck risk olu\u015fturan 600 metrelik eski ve asbestli i\u00e7me suyu hatt\u0131 tamamen yenilendi. B\u00f6ylece Yaka Mahallemize art\u0131k daha temiz, sa\u011fl\u0131kl\u0131 ve g\u00fcvenli i\u00e7me suyu ula\u015f\u0131yor&#8221; ifadelerini kulland\u0131.<br \/><\/p>\n","protected":false},"excerpt":{"rendered":"<p>Tavas Belediyesi vatanda\u015flar\u0131n sa\u011fl\u0131kl\u0131 su kullanmalar\u0131 amac\u0131yla asbestli i\u00e7me suyu hatt\u0131n\u0131 ve g\u00fcvenli ula\u015f\u0131m sa\u011flamalar\u0131 i\u00e7in \u00fcst yap\u0131 yenileme \u00e7al\u0131\u015fmalar\u0131n\u0131 s\u00fcrd\u00fcr\u00fcyor. Tavas Belediyesi ve Denizli B\u00fcy\u00fck\u015fehir Belediyesi i\u015fbirli\u011fi ile Tavas Ba\u011flar yolunda alt yap\u0131 ve \u00fcst yap\u0131 yenileme \u00e7al\u0131\u015fmalar\u0131 devam ediyor. Vatanda\u015flar\u0131n sa\u011fl\u0131kl\u0131 su kullanmalar\u0131 amac\u0131yla i\u00e7me suyu hatt\u0131ndaki 600 metrelik asbestli borular yenilendi. Bin&#8230;<\/p>\n","protected":false},"author":1,"featured_media":38353,"comment_status":"open","ping_status":"open","sticky":false,"template":"","format":"standard","meta":{"_crdt_document":"","footnotes":""},"categories":[127],"tags":[],"class_list":["post-38352","post","type-post","status-publish","format-standard","has-post-thumbnail","hentry","category-siyaset"],"_links":{"self":[{"href":"https:\/\/www.egemtv.com\/index.php?rest_route=\/wp\/v2\/posts\/38352","targetHints":{"allow":["GET"]}}],"collection":[{"href":"https:\/\/www.egemtv.com\/index.php?rest_route=\/wp\/v2\/posts"}],"about":[{"href":"https:\/\/www.egemtv.com\/index.php?rest_route=\/wp\/v2\/types\/post"}],"author":[{"embeddable":true,"href":"https:\/\/www.egemtv.com\/index.php?rest_route=\/wp\/v2\/users\/1"}],"replies":[{"embeddable":true,"href":"https:\/\/www.egemtv.com\/index.php?rest_route=%2Fwp%2Fv2%2Fcomments&post=38352"}],"version-history":[{"count":1,"href":"https:\/\/www.egemtv.com\/index.php?rest_route=\/wp\/v2\/posts\/38352\/revisions"}],"predecessor-version":[{"id":38354,"href":"https:\/\/www.egemtv.com\/index.php?rest_route=\/wp\/v2\/posts\/38352\/revisions\/38354"}],"wp:featuredmedia":[{"embeddable":true,"href":"https:\/\/www.egemtv.com\/index.php?rest_route=\/wp\/v2\/media\/38353"}],"wp:attachment":[{"href":"https:\/\/www.egemtv.com\/index.php?rest_route=%2Fwp%2Fv2%2Fmedia&parent=38352"}],"wp:term":[{"taxonomy":"category","embeddable":true,"href":"https:\/\/www.egemtv.com\/index.php?rest_route=%2Fwp%2Fv2%2Fcategories&post=38352"},{"taxonomy":"post_tag","embeddable":true,"href":"https:\/\/www.egemtv.com\/index.php?rest_route=%2Fwp%2Fv2%2Ftags&post=38352"}],"curies":[{"name":"wp","href":"https:\/\/api.w.org\/{rel}","templated":true}]}}