{"id":38349,"date":"2025-06-28T02:14:41","date_gmt":"2025-06-27T23:14:41","guid":{"rendered":"https:\/\/www.egemtv.com\/?p=38349"},"modified":"2025-06-28T02:14:45","modified_gmt":"2025-06-27T23:14:45","slug":"milasli-gazeteci-kara-hayatini-kaybetti","status":"publish","type":"post","link":"https:\/\/www.egemtv.com\/?p=38349","title":{"rendered":"Milasl\u0131 gazeteci Kara hayat\u0131n\u0131 kaybetti"},"content":{"rendered":"<p>Mu\u011fla\u2019n\u0131n Milas il\u00e7esinde yerel bas\u0131n\u0131n tan\u0131nan isimlerinden biri olan gazeteci Mehmet Kara hayat\u0131n\u0131 kaybetti.<\/p>\n<p>Edinilen bilgiye g\u00f6re gazeteci Mehmet Kara, ak\u015fam saatlerinde fenala\u015ft\u0131. \u00c7evresindekilerin yard\u0131m\u0131yla hastaneye ula\u015ft\u0131r\u0131lan Kara burada yap\u0131lan t\u00fcm m\u00fcdahalelere ra\u011fmen kurtar\u0131lamad\u0131. Kara\u2019n\u0131n ani vefat\u0131 sadece yak\u0131n \u00e7evresinde de\u011fil, Milas\u2019taki bas\u0131n camias\u0131 ba\u015fta olmak \u00fczere t\u00fcm sevenlerini yasa bo\u011fdu. Mehmet Kara\u2019n\u0131n cenaze program\u0131n\u0131n hen\u00fcz netlik kazanmad\u0131\u011f\u0131 belirtildi.<br \/><\/p>\n","protected":false},"excerpt":{"rendered":"<p>Mu\u011fla\u2019n\u0131n Milas il\u00e7esinde yerel bas\u0131n\u0131n tan\u0131nan isimlerinden biri olan gazeteci Mehmet Kara hayat\u0131n\u0131 kaybetti. Edinilen bilgiye g\u00f6re gazeteci Mehmet Kara, ak\u015fam saatlerinde fenala\u015ft\u0131. \u00c7evresindekilerin yard\u0131m\u0131yla hastaneye ula\u015ft\u0131r\u0131lan Kara burada yap\u0131lan t\u00fcm m\u00fcdahalelere ra\u011fmen kurtar\u0131lamad\u0131. Kara\u2019n\u0131n ani vefat\u0131 sadece yak\u0131n \u00e7evresinde de\u011fil, Milas\u2019taki bas\u0131n camias\u0131 ba\u015fta olmak \u00fczere t\u00fcm sevenlerini yasa bo\u011fdu. Mehmet Kara\u2019n\u0131n cenaze program\u0131n\u0131n&#8230;<\/p>\n","protected":false},"author":1,"featured_media":38350,"comment_status":"open","ping_status":"open","sticky":false,"template":"","format":"standard","meta":{"_crdt_document":"","footnotes":""},"categories":[1],"tags":[],"class_list":["post-38349","post","type-post","status-publish","format-standard","has-post-thumbnail","hentry","category-guncel"],"_links":{"self":[{"href":"https:\/\/www.egemtv.com\/index.php?rest_route=\/wp\/v2\/posts\/38349","targetHints":{"allow":["GET"]}}],"collection":[{"href":"https:\/\/www.egemtv.com\/index.php?rest_route=\/wp\/v2\/posts"}],"about":[{"href":"https:\/\/www.egemtv.com\/index.php?rest_route=\/wp\/v2\/types\/post"}],"author":[{"embeddable":true,"href":"https:\/\/www.egemtv.com\/index.php?rest_route=\/wp\/v2\/users\/1"}],"replies":[{"embeddable":true,"href":"https:\/\/www.egemtv.com\/index.php?rest_route=%2Fwp%2Fv2%2Fcomments&post=38349"}],"version-history":[{"count":1,"href":"https:\/\/www.egemtv.com\/index.php?rest_route=\/wp\/v2\/posts\/38349\/revisions"}],"predecessor-version":[{"id":38351,"href":"https:\/\/www.egemtv.com\/index.php?rest_route=\/wp\/v2\/posts\/38349\/revisions\/38351"}],"wp:featuredmedia":[{"embeddable":true,"href":"https:\/\/www.egemtv.com\/index.php?rest_route=\/wp\/v2\/media\/38350"}],"wp:attachment":[{"href":"https:\/\/www.egemtv.com\/index.php?rest_route=%2Fwp%2Fv2%2Fmedia&parent=38349"}],"wp:term":[{"taxonomy":"category","embeddable":true,"href":"https:\/\/www.egemtv.com\/index.php?rest_route=%2Fwp%2Fv2%2Fcategories&post=38349"},{"taxonomy":"post_tag","embeddable":true,"href":"https:\/\/www.egemtv.com\/index.php?rest_route=%2Fwp%2Fv2%2Ftags&post=38349"}],"curies":[{"name":"wp","href":"https:\/\/api.w.org\/{rel}","templated":true}]}}