{"id":38346,"date":"2025-06-28T01:54:28","date_gmt":"2025-06-27T22:54:28","guid":{"rendered":"https:\/\/www.egemtv.com\/?p=38346"},"modified":"2025-06-28T01:54:30","modified_gmt":"2025-06-27T22:54:30","slug":"ahmet-tekin-baykal-vefat-etti","status":"publish","type":"post","link":"https:\/\/www.egemtv.com\/?p=38346","title":{"rendered":"Ahmet Tekin Baykal vefat etti"},"content":{"rendered":"<p>\u0130zmir merkezli Anafor Operasyonu kapsam\u0131nda tutuklanan, ileri evre KOAH ve lenfoma te\u015fhisi konulmas\u0131n\u0131n ard\u0131ndan sa\u011fl\u0131k sorunlar\u0131 gerek\u00e7esiyle infaz\u0131 ge\u00e7ici olarak ertelenen ve tedavisi i\u00e7in jet ambulans u\u00e7ak ile memleketi Ayd\u0131n\u2019a getirilen Ahmet Tekin Baykal tedavi g\u00f6rd\u00fc\u011f\u00fc hastanede hayat\u0131n\u0131 kaybetti.<\/p>\n<p>2008 y\u0131l\u0131nda \u0130zmir merkezli Anafor Operasyonu kapsam\u0131nda tutuklanan ve sa\u011fl\u0131k sorunlar\u0131 nedeniyle 17 y\u0131ld\u0131r tutuklu bulunan Ahmet Tekin Baykal\u2019\u0131n cezaevi \u015fartlar\u0131nda kalmas\u0131 m\u00fcmk\u00fcn olmad\u0131\u011f\u0131ndan dolay\u0131 infaz\u0131 ge\u00e7ici olarak ertelenmi\u015fti. Ge\u00e7ti\u011fimiz aylarda Ayd\u0131n\u2019a gelerek Adnan Menderes \u00dcniversitesi Uygulama ve Ara\u015ft\u0131rma Hastanesi\u2019nde tedavi alt\u0131na al\u0131nan Baykal\u2019\u0131n son g\u00fcnlerde tedavilere cevap vermedi\u011fi ve gece yar\u0131s\u0131 hayat\u0131n\u0131 kaybetti\u011fi a\u00e7\u0131kland\u0131. Baykal\u2019\u0131n \u00f6l\u00fcm haberi sevenlerini yasa bo\u011fdu.<br \/><\/p>\n","protected":false},"excerpt":{"rendered":"<p>\u0130zmir merkezli Anafor Operasyonu kapsam\u0131nda tutuklanan, ileri evre KOAH ve lenfoma te\u015fhisi konulmas\u0131n\u0131n ard\u0131ndan sa\u011fl\u0131k sorunlar\u0131 gerek\u00e7esiyle infaz\u0131 ge\u00e7ici olarak ertelenen ve tedavisi i\u00e7in jet ambulans u\u00e7ak ile memleketi Ayd\u0131n\u2019a getirilen Ahmet Tekin Baykal tedavi g\u00f6rd\u00fc\u011f\u00fc hastanede hayat\u0131n\u0131 kaybetti. 2008 y\u0131l\u0131nda \u0130zmir merkezli Anafor Operasyonu kapsam\u0131nda tutuklanan ve sa\u011fl\u0131k sorunlar\u0131 nedeniyle 17 y\u0131ld\u0131r tutuklu bulunan&#8230;<\/p>\n","protected":false},"author":1,"featured_media":38347,"comment_status":"open","ping_status":"open","sticky":false,"template":"","format":"standard","meta":{"_crdt_document":"","footnotes":""},"categories":[5],"tags":[],"class_list":["post-38346","post","type-post","status-publish","format-standard","has-post-thumbnail","hentry","category-asayis"],"_links":{"self":[{"href":"https:\/\/www.egemtv.com\/index.php?rest_route=\/wp\/v2\/posts\/38346","targetHints":{"allow":["GET"]}}],"collection":[{"href":"https:\/\/www.egemtv.com\/index.php?rest_route=\/wp\/v2\/posts"}],"about":[{"href":"https:\/\/www.egemtv.com\/index.php?rest_route=\/wp\/v2\/types\/post"}],"author":[{"embeddable":true,"href":"https:\/\/www.egemtv.com\/index.php?rest_route=\/wp\/v2\/users\/1"}],"replies":[{"embeddable":true,"href":"https:\/\/www.egemtv.com\/index.php?rest_route=%2Fwp%2Fv2%2Fcomments&post=38346"}],"version-history":[{"count":1,"href":"https:\/\/www.egemtv.com\/index.php?rest_route=\/wp\/v2\/posts\/38346\/revisions"}],"predecessor-version":[{"id":38348,"href":"https:\/\/www.egemtv.com\/index.php?rest_route=\/wp\/v2\/posts\/38346\/revisions\/38348"}],"wp:featuredmedia":[{"embeddable":true,"href":"https:\/\/www.egemtv.com\/index.php?rest_route=\/wp\/v2\/media\/38347"}],"wp:attachment":[{"href":"https:\/\/www.egemtv.com\/index.php?rest_route=%2Fwp%2Fv2%2Fmedia&parent=38346"}],"wp:term":[{"taxonomy":"category","embeddable":true,"href":"https:\/\/www.egemtv.com\/index.php?rest_route=%2Fwp%2Fv2%2Fcategories&post=38346"},{"taxonomy":"post_tag","embeddable":true,"href":"https:\/\/www.egemtv.com\/index.php?rest_route=%2Fwp%2Fv2%2Ftags&post=38346"}],"curies":[{"name":"wp","href":"https:\/\/api.w.org\/{rel}","templated":true}]}}