{"id":38343,"date":"2025-06-28T01:34:52","date_gmt":"2025-06-27T22:34:52","guid":{"rendered":"https:\/\/www.egemtv.com\/?p=38343"},"modified":"2025-06-28T01:34:56","modified_gmt":"2025-06-27T22:34:56","slug":"dursun-ozbek-osimhen-ile-ilgili-calismalarimiz-devam-ediyor","status":"publish","type":"post","link":"https:\/\/www.egemtv.com\/?p=38343","title":{"rendered":"Dursun \u00d6zbek: &#8220;Osimhen ile ilgili \u00e7al\u0131\u015fmalar\u0131m\u0131z devam ediyor&#8221;"},"content":{"rendered":"<p>Galatasaray\u2019\u0131n Trendyol S\u00fcper Lig\u2019deki 25. \u015fampiyonlu\u011fu, Ba\u015fkan Dursun \u00d6zbek ve Teknik Direkt\u00f6r Okan Buruk\u2019un kat\u0131l\u0131m\u0131yla Bodrum\u2019da kutland\u0131. Dursun \u00d6zbek, Nijeryal\u0131 futbolcu Victor Osimhen\u2019in transferiyle ilgili \u00e7al\u0131\u015fmalar\u0131n devam etti\u011fini s\u00f6yledi.<br \/>\n<br \/>Yal\u0131kavak Dirmil Mahallesi\u2019ndeki bir mekanda Bodrum 1905 Galatasarayl\u0131lar Derne\u011fi taraf\u0131ndan d\u00fczenlenen kutlamaya Galatasaray Ba\u015fkan\u0131 Dursun \u00d6zbek, y\u00f6netim kurulu \u00fcyeleri ve  Galatasaray Teknik Direkt\u00f6r\u00fc Okan Buruk\u2019un yan\u0131 s\u0131ra futbolculardan Kaan Ayhan, Galatasaray eski Ba\u015fkan\u0131 Mehmet Cansun, \u0130l\u00e7e Emniyet M\u00fcd\u00fcr\u00fc Mehmet Darendeli, \u0130l\u00e7e Spor M\u00fcd\u00fcr\u00fc Oktay Dumruk ve \u00e7ok say\u0131da davetli kat\u0131ld\u0131.<br \/>\n<br \/>Kutlamada taraftarlar lig kupas\u0131 ve T\u00fcrkiye Kupas\u0131 ile bol bol foto\u011fraf \u00e7ektirdi. Taraftarlar Ba\u015fkan Dursun \u00d6zbek ve Teknik Direkt\u00f6r Okan Buruk\u2019la foto\u011fraf \u00e7ektirmek i\u00e7in de birbirleriyle yar\u0131\u015ft\u0131.<br \/>\n<br \/>Okan Buruk, bas\u0131n mensuplar\u0131na yapt\u0131\u011f\u0131 a\u00e7\u0131klamada kutlamaya kat\u0131ld\u0131\u011f\u0131 i\u00e7in \u00e7ok mutlu oldu\u011funu ifade ederek, &#8220;Galatasarayl\u0131 taraftarlarla ge\u00e7en sene de buradayd\u0131k tekrar buraday\u0131z. \u00c7\u00fcnk\u00fc onlar\u0131n da bu \u015fampiyonlukta \u00e7ok b\u00fcy\u00fck paylar\u0131 var. Onlarla birlikte g\u00fczel bir gece ge\u00e7irece\u011fiz. Hedef 26 ve \u015fampiyonluk i\u00e7in tekrar burada s\u00f6z vermek istiyoruz. Haz\u0131rl\u0131klar 4 Temmuz\u2019da ba\u015fl\u0131yor ondan sonra yeni sezona en iyi \u015fekilde haz\u0131rlanaca\u011f\u0131z. Transferle alakal\u0131 \u00e7al\u0131\u015fmalar\u0131m\u0131z s\u00fcr\u00fcyor. En k\u0131sa zamanda bunla ilgili \u00e7al\u0131\u015fmalar\u0131 yapaca\u011f\u0131z&#8221; diye konu\u015ftu.<\/p>\n<p>Dursun \u00d6zbek: &#8220;Osimhen ile ilgili \u00e7al\u0131\u015fmalar\u0131m\u0131z devam ediyor&#8221;<br \/>\n<br \/>Mevcut kadroyu koruyacaklar\u0131n\u0131 dile getiren Dursun \u00d6zbek ise \u015funlar\u0131 s\u00f6yledi:<br \/>\n<br \/>&#8220;\u00c7ok g\u00fczel bir gece burada sar\u0131-k\u0131rm\u0131z\u0131 renklere g\u00f6n\u00fcl veren karde\u015flerimizle beraber 25. \u015fampiyonlu\u011fu ve 5. y\u0131ld\u0131z\u0131 kutlayaca\u011f\u0131z. Ge\u00e7en sene de gelmi\u015ftik, ondan evvel de gelmi\u015ftik, eme\u011fi ge\u00e7enlere te\u015fekk\u00fcr ederim. Buras\u0131 bizim u\u011furumuz, kutlamalar\u0131 yapt\u0131ktan sonra 26. \u015fampiyonlu\u011fumuz i\u00e7in \u00e7al\u0131\u015fmalara ba\u015flayaca\u011f\u0131z. \u0130n\u015fallah seneye de buraday\u0131z. Osimhen ile ilgili \u00e7al\u0131\u015fmalar\u0131m\u0131z devam ediyor. Tabii kendisinin verece\u011fi bir karar, onu bekliyoruz. \u0130n\u015fallah kadromuzu bozmadan devam ederiz. Kaleci \u00e7al\u0131\u015fmalar\u0131m\u0131z da devam ediyor. 4-5 tane alternatif \u00e7al\u0131\u015fmam\u0131z var. Bu sene \u015eampiyonlar Ligine direkt kat\u0131laca\u011f\u0131z. Galatasaray\u2019\u0131n misyonu Avrupa\u2019da ba\u015far\u0131l\u0131 olmak. Bu sene hem ligi hem Avrupa\u2019y\u0131 hem de T\u00fcrkiye Kupas\u0131\u2019n\u0131 kovalayaca\u011f\u0131z. Ba\u015far\u0131l\u0131 bir sezon ge\u00e7irece\u011fimizi umuyorum. Biz y\u00f6netim olarak arkada\u015flar\u0131mla beraber elimizden gelen her \u015feyi yap\u0131yoruz. Bizim amac\u0131m\u0131z bug\u00fcn burada oldu\u011fu gibi Galatasarayl\u0131lar\u0131 sevince bo\u011fmak, onlarla \u015fampiyonluklar\u0131 kutlamak.&#8221;<br \/><\/p>\n","protected":false},"excerpt":{"rendered":"<p>Galatasaray\u2019\u0131n Trendyol S\u00fcper Lig\u2019deki 25. \u015fampiyonlu\u011fu, Ba\u015fkan Dursun \u00d6zbek ve Teknik Direkt\u00f6r Okan Buruk\u2019un kat\u0131l\u0131m\u0131yla Bodrum\u2019da kutland\u0131. Dursun \u00d6zbek, Nijeryal\u0131 futbolcu Victor Osimhen\u2019in transferiyle ilgili \u00e7al\u0131\u015fmalar\u0131n devam etti\u011fini s\u00f6yledi. Yal\u0131kavak Dirmil Mahallesi\u2019ndeki bir mekanda Bodrum 1905 Galatasarayl\u0131lar Derne\u011fi taraf\u0131ndan d\u00fczenlenen kutlamaya Galatasaray Ba\u015fkan\u0131 Dursun \u00d6zbek, y\u00f6netim kurulu \u00fcyeleri ve Galatasaray Teknik Direkt\u00f6r\u00fc Okan Buruk\u2019un yan\u0131&#8230;<\/p>\n","protected":false},"author":1,"featured_media":38344,"comment_status":"open","ping_status":"open","sticky":false,"template":"","format":"standard","meta":{"_crdt_document":"","footnotes":""},"categories":[4],"tags":[],"class_list":["post-38343","post","type-post","status-publish","format-standard","has-post-thumbnail","hentry","category-spor"],"_links":{"self":[{"href":"https:\/\/www.egemtv.com\/index.php?rest_route=\/wp\/v2\/posts\/38343","targetHints":{"allow":["GET"]}}],"collection":[{"href":"https:\/\/www.egemtv.com\/index.php?rest_route=\/wp\/v2\/posts"}],"about":[{"href":"https:\/\/www.egemtv.com\/index.php?rest_route=\/wp\/v2\/types\/post"}],"author":[{"embeddable":true,"href":"https:\/\/www.egemtv.com\/index.php?rest_route=\/wp\/v2\/users\/1"}],"replies":[{"embeddable":true,"href":"https:\/\/www.egemtv.com\/index.php?rest_route=%2Fwp%2Fv2%2Fcomments&post=38343"}],"version-history":[{"count":1,"href":"https:\/\/www.egemtv.com\/index.php?rest_route=\/wp\/v2\/posts\/38343\/revisions"}],"predecessor-version":[{"id":38345,"href":"https:\/\/www.egemtv.com\/index.php?rest_route=\/wp\/v2\/posts\/38343\/revisions\/38345"}],"wp:featuredmedia":[{"embeddable":true,"href":"https:\/\/www.egemtv.com\/index.php?rest_route=\/wp\/v2\/media\/38344"}],"wp:attachment":[{"href":"https:\/\/www.egemtv.com\/index.php?rest_route=%2Fwp%2Fv2%2Fmedia&parent=38343"}],"wp:term":[{"taxonomy":"category","embeddable":true,"href":"https:\/\/www.egemtv.com\/index.php?rest_route=%2Fwp%2Fv2%2Fcategories&post=38343"},{"taxonomy":"post_tag","embeddable":true,"href":"https:\/\/www.egemtv.com\/index.php?rest_route=%2Fwp%2Fv2%2Ftags&post=38343"}],"curies":[{"name":"wp","href":"https:\/\/api.w.org\/{rel}","templated":true}]}}