{"id":38328,"date":"2025-06-27T21:15:58","date_gmt":"2025-06-27T18:15:58","guid":{"rendered":"https:\/\/www.egemtv.com\/?p=38328"},"modified":"2025-06-27T21:16:02","modified_gmt":"2025-06-27T18:16:02","slug":"burdurda-cikan-yanginda-8-donum-arazi-zarar-gordu","status":"publish","type":"post","link":"https:\/\/www.egemtv.com\/?p=38328","title":{"rendered":"Burdur\u2019da \u00e7\u0131kan yang\u0131nda 8 d\u00f6n\u00fcm arazi zarar g\u00f6rd\u00fc"},"content":{"rendered":"<p>Burdur Merkez \u00c7endik k\u00f6y\u00fcnde \u00e7\u0131kan yang\u0131nda, yakla\u015f\u0131k 8 d\u00f6n\u00fcm arazi zarar g\u00f6rd\u00fc. Ekiplerin m\u00fcdahalesiyle yang\u0131n k\u0131sa s\u00fcrede kontrol alt\u0131na al\u0131nd\u0131.<br \/>\n<br \/>Yang\u0131n, saat 14.00 s\u0131ralar\u0131nda Burdur merkeze ba\u011fl\u0131 \u00c7endik k\u00f6y\u00fcnde meydana geldi. Edinilen bilgilere g\u00f6re, balya yap\u0131lmak \u00fczere bi\u00e7ilmi\u015f ekin saplar\u0131n\u0131n bulundu\u011fu tarlada hen\u00fcz bilinmeyen bir nedenle yang\u0131n \u00e7\u0131kt\u0131. Yang\u0131n\u0131 g\u00f6renlerin 112 Acil \u00c7a\u011fr\u0131 Merkezi\u2019ne ihbar\u0131 \u00fczerine b\u00f6lgeye itfaiye, sa\u011fl\u0131k ve jandarma ekipleri sevk edildi. Olay yerine gelen itfaiye ekiplerinin ve k\u00f6yl\u00fclerin \u00e7abalar\u0131 sonucu yang\u0131n kontrol alt\u0131na al\u0131narak s\u00f6nd\u00fcr\u00fcld\u00fc.  Yang\u0131nda Fatih S.\u2019ye ait yakla\u015f\u0131k 5 d\u00f6n\u00fcm, \u0130smail S.\u2019ye ait yakla\u015f\u0131k 3 d\u00f6n\u00fcm olmak \u00fczere toplam 8 d\u00f6n\u00fcm alan yanarak zarar g\u00f6rd\u00fc.<br \/>\n<br \/>Yang\u0131n\u0131n \u00e7\u0131k\u0131\u015f nedeni ile ilgili inceleme ba\u015flat\u0131ld\u0131.<br \/><\/p>\n","protected":false},"excerpt":{"rendered":"<p>Burdur Merkez \u00c7endik k\u00f6y\u00fcnde \u00e7\u0131kan yang\u0131nda, yakla\u015f\u0131k 8 d\u00f6n\u00fcm arazi zarar g\u00f6rd\u00fc. Ekiplerin m\u00fcdahalesiyle yang\u0131n k\u0131sa s\u00fcrede kontrol alt\u0131na al\u0131nd\u0131. Yang\u0131n, saat 14.00 s\u0131ralar\u0131nda Burdur merkeze ba\u011fl\u0131 \u00c7endik k\u00f6y\u00fcnde meydana geldi. Edinilen bilgilere g\u00f6re, balya yap\u0131lmak \u00fczere bi\u00e7ilmi\u015f ekin saplar\u0131n\u0131n bulundu\u011fu tarlada hen\u00fcz bilinmeyen bir nedenle yang\u0131n \u00e7\u0131kt\u0131. Yang\u0131n\u0131 g\u00f6renlerin 112 Acil \u00c7a\u011fr\u0131 Merkezi\u2019ne ihbar\u0131&#8230;<\/p>\n","protected":false},"author":1,"featured_media":38329,"comment_status":"open","ping_status":"open","sticky":false,"template":"","format":"standard","meta":{"_crdt_document":"","footnotes":""},"categories":[5],"tags":[],"class_list":["post-38328","post","type-post","status-publish","format-standard","has-post-thumbnail","hentry","category-asayis"],"_links":{"self":[{"href":"https:\/\/www.egemtv.com\/index.php?rest_route=\/wp\/v2\/posts\/38328","targetHints":{"allow":["GET"]}}],"collection":[{"href":"https:\/\/www.egemtv.com\/index.php?rest_route=\/wp\/v2\/posts"}],"about":[{"href":"https:\/\/www.egemtv.com\/index.php?rest_route=\/wp\/v2\/types\/post"}],"author":[{"embeddable":true,"href":"https:\/\/www.egemtv.com\/index.php?rest_route=\/wp\/v2\/users\/1"}],"replies":[{"embeddable":true,"href":"https:\/\/www.egemtv.com\/index.php?rest_route=%2Fwp%2Fv2%2Fcomments&post=38328"}],"version-history":[{"count":1,"href":"https:\/\/www.egemtv.com\/index.php?rest_route=\/wp\/v2\/posts\/38328\/revisions"}],"predecessor-version":[{"id":38330,"href":"https:\/\/www.egemtv.com\/index.php?rest_route=\/wp\/v2\/posts\/38328\/revisions\/38330"}],"wp:featuredmedia":[{"embeddable":true,"href":"https:\/\/www.egemtv.com\/index.php?rest_route=\/wp\/v2\/media\/38329"}],"wp:attachment":[{"href":"https:\/\/www.egemtv.com\/index.php?rest_route=%2Fwp%2Fv2%2Fmedia&parent=38328"}],"wp:term":[{"taxonomy":"category","embeddable":true,"href":"https:\/\/www.egemtv.com\/index.php?rest_route=%2Fwp%2Fv2%2Fcategories&post=38328"},{"taxonomy":"post_tag","embeddable":true,"href":"https:\/\/www.egemtv.com\/index.php?rest_route=%2Fwp%2Fv2%2Ftags&post=38328"}],"curies":[{"name":"wp","href":"https:\/\/api.w.org\/{rel}","templated":true}]}}