{"id":38325,"date":"2025-06-27T20:54:41","date_gmt":"2025-06-27T17:54:41","guid":{"rendered":"https:\/\/www.egemtv.com\/?p=38325"},"modified":"2025-06-27T20:54:45","modified_gmt":"2025-06-27T17:54:45","slug":"bucaktaki-orman-yangini-sonduruldu","status":"publish","type":"post","link":"https:\/\/www.egemtv.com\/?p=38325","title":{"rendered":"Bucak\u2019taki orman yang\u0131n\u0131 s\u00f6nd\u00fcr\u00fcld\u00fc"},"content":{"rendered":"<p>Burdur\u2019un Bucak il\u00e7esinde \u00e7\u0131kan orman yang\u0131n\u0131, ekiplerin h\u0131zl\u0131 m\u00fcdahalesiyle kontrol alt\u0131na al\u0131nd\u0131.<br \/>\n<br \/>Yang\u0131n, saat 17.00 s\u0131ralar\u0131nda Burdur\u2019un Bucak il\u00e7esi Susuz k\u00f6y\u00fcnde meydana geldi. Edinilen bilgilere g\u00f6re, k\u00f6y yak\u0131nlar\u0131nda bulunan ormanl\u0131k alanda hen\u00fcz bilinmeyen bir nedenle yang\u0131n \u00e7\u0131kt\u0131. Yang\u0131n\u0131 g\u00f6renlerin 112 Acil \u00c7a\u011fr\u0131 Merkezi\u2019ne ihbar\u0131 \u00fczerine b\u00f6lgeye itfaiye, Bucak Orman \u0130\u015fletme M\u00fcd\u00fcrl\u00fc\u011f\u00fc ekipleri ve jandarma ekipleri sevk edildi. B\u00f6lgeye gelen ekiplerin h\u0131zl\u0131 m\u00fcdahalesiyle yang\u0131n kontrol alt\u0131na al\u0131narak s\u00f6nd\u00fcr\u00fcld\u00fc.<br \/>\n<br \/>Yang\u0131n sonras\u0131 Bucak Kaymakam\u0131 Bayram Gale, olay yerine gelerek ekiplerden bilgi ald\u0131 ve \u00e7al\u0131\u015fmalar\u0131 yerinde inceledi.<br \/>\n<br \/>Yang\u0131n\u0131n \u00e7\u0131k\u0131\u015f sebebiyle ilgili inceleme ba\u015flat\u0131ld\u0131.<br \/><\/p>\n","protected":false},"excerpt":{"rendered":"<p>Burdur\u2019un Bucak il\u00e7esinde \u00e7\u0131kan orman yang\u0131n\u0131, ekiplerin h\u0131zl\u0131 m\u00fcdahalesiyle kontrol alt\u0131na al\u0131nd\u0131. Yang\u0131n, saat 17.00 s\u0131ralar\u0131nda Burdur\u2019un Bucak il\u00e7esi Susuz k\u00f6y\u00fcnde meydana geldi. Edinilen bilgilere g\u00f6re, k\u00f6y yak\u0131nlar\u0131nda bulunan ormanl\u0131k alanda hen\u00fcz bilinmeyen bir nedenle yang\u0131n \u00e7\u0131kt\u0131. Yang\u0131n\u0131 g\u00f6renlerin 112 Acil \u00c7a\u011fr\u0131 Merkezi\u2019ne ihbar\u0131 \u00fczerine b\u00f6lgeye itfaiye, Bucak Orman \u0130\u015fletme M\u00fcd\u00fcrl\u00fc\u011f\u00fc ekipleri ve jandarma ekipleri&#8230;<\/p>\n","protected":false},"author":1,"featured_media":38326,"comment_status":"open","ping_status":"open","sticky":false,"template":"","format":"standard","meta":{"_crdt_document":"","footnotes":""},"categories":[5],"tags":[],"class_list":["post-38325","post","type-post","status-publish","format-standard","has-post-thumbnail","hentry","category-asayis"],"_links":{"self":[{"href":"https:\/\/www.egemtv.com\/index.php?rest_route=\/wp\/v2\/posts\/38325","targetHints":{"allow":["GET"]}}],"collection":[{"href":"https:\/\/www.egemtv.com\/index.php?rest_route=\/wp\/v2\/posts"}],"about":[{"href":"https:\/\/www.egemtv.com\/index.php?rest_route=\/wp\/v2\/types\/post"}],"author":[{"embeddable":true,"href":"https:\/\/www.egemtv.com\/index.php?rest_route=\/wp\/v2\/users\/1"}],"replies":[{"embeddable":true,"href":"https:\/\/www.egemtv.com\/index.php?rest_route=%2Fwp%2Fv2%2Fcomments&post=38325"}],"version-history":[{"count":1,"href":"https:\/\/www.egemtv.com\/index.php?rest_route=\/wp\/v2\/posts\/38325\/revisions"}],"predecessor-version":[{"id":38327,"href":"https:\/\/www.egemtv.com\/index.php?rest_route=\/wp\/v2\/posts\/38325\/revisions\/38327"}],"wp:featuredmedia":[{"embeddable":true,"href":"https:\/\/www.egemtv.com\/index.php?rest_route=\/wp\/v2\/media\/38326"}],"wp:attachment":[{"href":"https:\/\/www.egemtv.com\/index.php?rest_route=%2Fwp%2Fv2%2Fmedia&parent=38325"}],"wp:term":[{"taxonomy":"category","embeddable":true,"href":"https:\/\/www.egemtv.com\/index.php?rest_route=%2Fwp%2Fv2%2Fcategories&post=38325"},{"taxonomy":"post_tag","embeddable":true,"href":"https:\/\/www.egemtv.com\/index.php?rest_route=%2Fwp%2Fv2%2Ftags&post=38325"}],"curies":[{"name":"wp","href":"https:\/\/api.w.org\/{rel}","templated":true}]}}