{"id":38322,"date":"2025-06-27T20:39:28","date_gmt":"2025-06-27T17:39:28","guid":{"rendered":"https:\/\/www.egemtv.com\/?p=38322"},"modified":"2025-06-27T20:39:33","modified_gmt":"2025-06-27T17:39:33","slug":"salda-golunde-can-pazari-genc-kiz-olumle-burun-buruna-geldi","status":"publish","type":"post","link":"https:\/\/www.egemtv.com\/?p=38322","title":{"rendered":"Salda G\u00f6l\u00fc\u2019nde can pazar\u0131: Gen\u00e7 k\u0131z \u00f6l\u00fcmle burun buruna geldi"},"content":{"rendered":"<p>Burdur\u2019un Ye\u015filova il\u00e7esindeki Salda G\u00f6l\u00fc\u2019nde bo\u011fulma tehlikesi ge\u00e7iren 17 ya\u015f\u0131ndaki gen\u00e7 k\u0131z, AFAD ekipleri taraf\u0131ndan kurtar\u0131ld\u0131. Gen\u00e7 k\u0131z\u0131n hayati tehlikesinin devam etti\u011fi \u00f6\u011frenilirken, olay s\u0131ras\u0131nda arkada\u015flar\u0131n\u0131n feryatlar\u0131 y\u00fcrekleri burktu.<br \/>\n<br \/>Olay, saat 15.30 s\u0131ralar\u0131nda Ye\u015filova il\u00e7esinde bulunan Salda G\u00f6l\u00fc Halk Plaj\u0131 A\u011fan Tesisleri yak\u0131nlar\u0131nda meydana geldi. Edinilen bilgilere g\u00f6re, Afyonkarahisar\u2019dan 3 arkada\u015f\u0131yla birlikte g\u00f6le gelen S.K. (17) adl\u0131 gen\u00e7 k\u0131z, serinlemek amac\u0131yla suya girdi. K\u0131sa s\u00fcre sonra suda \u00e7\u0131rp\u0131narak g\u00f6zden kaybolan gen\u00e7 k\u0131z\u0131 fark eden arkada\u015flar\u0131 durumu hemen 112 Acil \u00c7a\u011fr\u0131 Merkezi\u2019ne bildirdi.<br \/>\n<br \/>\u0130hbar \u00fczerine olay yerine sa\u011fl\u0131k, jandarma, polis ve AFAD ekipleri sevk edildi. AFAD\u2019a ba\u011fl\u0131 dalg\u0131\u00e7lar ve botla y\u00fcr\u00fct\u00fclen arama-kurtarma \u00e7al\u0131\u015fmalar\u0131 sonucunda S.K., sahilde bulunan cankurtaranlar\u0131n da deste\u011fiyle k\u0131sa s\u00fcrede sudan \u00e7\u0131kar\u0131ld\u0131.<br \/>\n<br \/>Sahilde yap\u0131lan ilk m\u00fcdahalenin ard\u0131ndan Ye\u015filova Devlet Hastanesi\u2019ne kald\u0131r\u0131lan gen\u00e7 k\u0131z, buradan Burdur Devlet Hastanesi\u2019ne ard\u0131ndan da ileri tetkik ve tedavi amac\u0131yla Antalya \u015eehir Hastanesi\u2019ne sevk edildi.<br \/>\n<br \/>Tedavisi s\u00fcren S.K.\u2019n\u0131n hayati tehlikesinin devam etti\u011fi \u00f6\u011frenilirken, olay an\u0131nda g\u00f6zya\u015flar\u0131na bo\u011fulan arkada\u015flar\u0131n\u0131n feryatlar\u0131, \u00e7evredeki vatanda\u015flara da duygusal anlar ya\u015fatt\u0131.<br \/><\/p>\n","protected":false},"excerpt":{"rendered":"<p>Burdur\u2019un Ye\u015filova il\u00e7esindeki Salda G\u00f6l\u00fc\u2019nde bo\u011fulma tehlikesi ge\u00e7iren 17 ya\u015f\u0131ndaki gen\u00e7 k\u0131z, AFAD ekipleri taraf\u0131ndan kurtar\u0131ld\u0131. Gen\u00e7 k\u0131z\u0131n hayati tehlikesinin devam etti\u011fi \u00f6\u011frenilirken, olay s\u0131ras\u0131nda arkada\u015flar\u0131n\u0131n feryatlar\u0131 y\u00fcrekleri burktu. Olay, saat 15.30 s\u0131ralar\u0131nda Ye\u015filova il\u00e7esinde bulunan Salda G\u00f6l\u00fc Halk Plaj\u0131 A\u011fan Tesisleri yak\u0131nlar\u0131nda meydana geldi. Edinilen bilgilere g\u00f6re, Afyonkarahisar\u2019dan 3 arkada\u015f\u0131yla birlikte g\u00f6le gelen S.K&#8230;.<\/p>\n","protected":false},"author":1,"featured_media":38323,"comment_status":"open","ping_status":"open","sticky":false,"template":"","format":"standard","meta":{"_crdt_document":"","footnotes":""},"categories":[5],"tags":[],"class_list":["post-38322","post","type-post","status-publish","format-standard","has-post-thumbnail","hentry","category-asayis"],"_links":{"self":[{"href":"https:\/\/www.egemtv.com\/index.php?rest_route=\/wp\/v2\/posts\/38322","targetHints":{"allow":["GET"]}}],"collection":[{"href":"https:\/\/www.egemtv.com\/index.php?rest_route=\/wp\/v2\/posts"}],"about":[{"href":"https:\/\/www.egemtv.com\/index.php?rest_route=\/wp\/v2\/types\/post"}],"author":[{"embeddable":true,"href":"https:\/\/www.egemtv.com\/index.php?rest_route=\/wp\/v2\/users\/1"}],"replies":[{"embeddable":true,"href":"https:\/\/www.egemtv.com\/index.php?rest_route=%2Fwp%2Fv2%2Fcomments&post=38322"}],"version-history":[{"count":1,"href":"https:\/\/www.egemtv.com\/index.php?rest_route=\/wp\/v2\/posts\/38322\/revisions"}],"predecessor-version":[{"id":38324,"href":"https:\/\/www.egemtv.com\/index.php?rest_route=\/wp\/v2\/posts\/38322\/revisions\/38324"}],"wp:featuredmedia":[{"embeddable":true,"href":"https:\/\/www.egemtv.com\/index.php?rest_route=\/wp\/v2\/media\/38323"}],"wp:attachment":[{"href":"https:\/\/www.egemtv.com\/index.php?rest_route=%2Fwp%2Fv2%2Fmedia&parent=38322"}],"wp:term":[{"taxonomy":"category","embeddable":true,"href":"https:\/\/www.egemtv.com\/index.php?rest_route=%2Fwp%2Fv2%2Fcategories&post=38322"},{"taxonomy":"post_tag","embeddable":true,"href":"https:\/\/www.egemtv.com\/index.php?rest_route=%2Fwp%2Fv2%2Ftags&post=38322"}],"curies":[{"name":"wp","href":"https:\/\/api.w.org\/{rel}","templated":true}]}}