{"id":38319,"date":"2025-06-27T20:14:49","date_gmt":"2025-06-27T17:14:49","guid":{"rendered":"https:\/\/www.egemtv.com\/?p=38319"},"modified":"2025-06-27T20:14:54","modified_gmt":"2025-06-27T17:14:54","slug":"marmariste-sehit-olan-orman-iscisi-gorkem-hasdemir-dualarla-anildi","status":"publish","type":"post","link":"https:\/\/www.egemtv.com\/?p=38319","title":{"rendered":"Marmaris\u2019te \u015fehit olan orman i\u015f\u00e7isi G\u00f6rkem Hasdemir dualarla an\u0131ld\u0131"},"content":{"rendered":"<p>27 Haziran 2021\u2019de Mu\u011fla\u2019n\u0131n Marmaris il\u00e7esi \u0130\u00e7meler Mahallesi\u2019nde \u00e7\u0131kan orman yang\u0131n\u0131nda, r\u00fczgar\u0131n y\u00f6n de\u011fi\u015ftirmesi sonucu \u015fehit olan orman i\u015f\u00e7isi G\u00f6rkem Hasdemir, vefat\u0131n\u0131n 4. y\u0131l d\u00f6n\u00fcm\u00fcnde unutulmad\u0131.<\/p>\n<p>Marmaris Orman \u0130\u015fletme M\u00fcd\u00fcrl\u00fc\u011f\u00fc \u00f6n\u00fcnde d\u00fczenlenen lokma hayr\u0131na \u015fehidimizin ailesi, \u00e7al\u0131\u015fma arkada\u015flar\u0131 ve m\u00fcd\u00fcrl\u00fck personeli kat\u0131ld\u0131. Etkinli\u011fe Marmaris Orman \u0130\u015fletme M\u00fcd\u00fcr\u00fc G\u00f6khan \u015eahin\u2019in yan\u0131 s\u0131ra babaannesi Sevim Uyla\u015f, k\u0131z karde\u015fi Merve Hasdemir, amcas\u0131 Hasan Hasdemir, kuzeni \u00d6zge \u00d6zbek ve ye\u011feni Emirhan Ayhan da kat\u0131ld\u0131.<\/p>\n<p>Duygusal anlar\u0131n ya\u015fand\u0131\u011f\u0131 anmada, babaannesi Sevim Uyla\u015f anma g\u00f6rseline sar\u0131larak, &#8220;\u00c7ocu\u011fum devlet i\u00e7in can\u0131n\u0131 verdi&#8221; dedi. K\u0131z karde\u015fi Merve Hasdemir ise &#8220;Son Cuma g\u00fcn\u00fc konu\u015fmu\u015ftuk. \u2018Gelecek misin abi?\u2019 demi\u015ftim, \u2018Gelece\u011fim tabii\u2019 demi\u015fti. Cumartesi o\u011flumun do\u011fum g\u00fcn\u00fcnde hep beraberdik. Ertesi g\u00fcn ac\u0131 haberi geldi&#8221; s\u00f6zleriyle duygular\u0131n\u0131 payla\u015ft\u0131.<\/p>\n<p>Vatanda\u015flar da da\u011f\u0131t\u0131lan lokma sonras\u0131 rahmet dileyerek hayr\u0131n kabul olmas\u0131n\u0131 temenni etti.<br \/><\/p>\n","protected":false},"excerpt":{"rendered":"<p>27 Haziran 2021\u2019de Mu\u011fla\u2019n\u0131n Marmaris il\u00e7esi \u0130\u00e7meler Mahallesi\u2019nde \u00e7\u0131kan orman yang\u0131n\u0131nda, r\u00fczgar\u0131n y\u00f6n de\u011fi\u015ftirmesi sonucu \u015fehit olan orman i\u015f\u00e7isi G\u00f6rkem Hasdemir, vefat\u0131n\u0131n 4. y\u0131l d\u00f6n\u00fcm\u00fcnde unutulmad\u0131. Marmaris Orman \u0130\u015fletme M\u00fcd\u00fcrl\u00fc\u011f\u00fc \u00f6n\u00fcnde d\u00fczenlenen lokma hayr\u0131na \u015fehidimizin ailesi, \u00e7al\u0131\u015fma arkada\u015flar\u0131 ve m\u00fcd\u00fcrl\u00fck personeli kat\u0131ld\u0131. Etkinli\u011fe Marmaris Orman \u0130\u015fletme M\u00fcd\u00fcr\u00fc G\u00f6khan \u015eahin\u2019in yan\u0131 s\u0131ra babaannesi Sevim Uyla\u015f, k\u0131z&#8230;<\/p>\n","protected":false},"author":1,"featured_media":38320,"comment_status":"open","ping_status":"open","sticky":false,"template":"","format":"standard","meta":{"_crdt_document":"","footnotes":""},"categories":[1],"tags":[],"class_list":["post-38319","post","type-post","status-publish","format-standard","has-post-thumbnail","hentry","category-guncel"],"_links":{"self":[{"href":"https:\/\/www.egemtv.com\/index.php?rest_route=\/wp\/v2\/posts\/38319","targetHints":{"allow":["GET"]}}],"collection":[{"href":"https:\/\/www.egemtv.com\/index.php?rest_route=\/wp\/v2\/posts"}],"about":[{"href":"https:\/\/www.egemtv.com\/index.php?rest_route=\/wp\/v2\/types\/post"}],"author":[{"embeddable":true,"href":"https:\/\/www.egemtv.com\/index.php?rest_route=\/wp\/v2\/users\/1"}],"replies":[{"embeddable":true,"href":"https:\/\/www.egemtv.com\/index.php?rest_route=%2Fwp%2Fv2%2Fcomments&post=38319"}],"version-history":[{"count":1,"href":"https:\/\/www.egemtv.com\/index.php?rest_route=\/wp\/v2\/posts\/38319\/revisions"}],"predecessor-version":[{"id":38321,"href":"https:\/\/www.egemtv.com\/index.php?rest_route=\/wp\/v2\/posts\/38319\/revisions\/38321"}],"wp:featuredmedia":[{"embeddable":true,"href":"https:\/\/www.egemtv.com\/index.php?rest_route=\/wp\/v2\/media\/38320"}],"wp:attachment":[{"href":"https:\/\/www.egemtv.com\/index.php?rest_route=%2Fwp%2Fv2%2Fmedia&parent=38319"}],"wp:term":[{"taxonomy":"category","embeddable":true,"href":"https:\/\/www.egemtv.com\/index.php?rest_route=%2Fwp%2Fv2%2Fcategories&post=38319"},{"taxonomy":"post_tag","embeddable":true,"href":"https:\/\/www.egemtv.com\/index.php?rest_route=%2Fwp%2Fv2%2Ftags&post=38319"}],"curies":[{"name":"wp","href":"https:\/\/api.w.org\/{rel}","templated":true}]}}