{"id":38316,"date":"2025-06-27T19:36:37","date_gmt":"2025-06-27T16:36:37","guid":{"rendered":"https:\/\/www.egemtv.com\/?p=38316"},"modified":"2025-06-27T19:36:42","modified_gmt":"2025-06-27T16:36:42","slug":"kadinlara-yonelik-destek-programlari-basladi","status":"publish","type":"post","link":"https:\/\/www.egemtv.com\/?p=38316","title":{"rendered":"Kad\u0131nlara y\u00f6nelik destek programlar\u0131 ba\u015flad\u0131"},"content":{"rendered":"<p>Bodrum Belediyesi, kad\u0131nlar\u0131n g\u00fc\u00e7lenmesine y\u00f6nelik \u00f6nemli bir ad\u0131m att\u0131. \u00c7iftlik Kad\u0131n Ya\u015fam Merkezi\u2019nde, Bodrum Belediyesi Kad\u0131n ve Aile Hizmetleri M\u00fcd\u00fcrl\u00fc\u011f\u00fc taraf\u0131ndan her ay farkl\u0131 konularda ger\u00e7ekle\u015ftirilmesi planlanan destek programlar\u0131n\u0131n ilki hayata ge\u00e7irildi.<\/p>\n<p>Bodrum Belediyesi Kad\u0131n ve Aile Hizmetleri M\u00fcd\u00fcrl\u00fc\u011f\u00fc meslek elemanlar\u0131 taraf\u0131ndan Bodrum\u2019un \u00c7iftlik Mahallesi\u2019ndeki kad\u0131nlara hukuki, psikolojik, sosyal ve sa\u011fl\u0131kl\u0131 beslenme konular\u0131nda kapsaml\u0131 bilgilendirmeler yap\u0131ld\u0131. Etkinli\u011fe, farkl\u0131 ya\u015f gruplar\u0131ndan kad\u0131nlar yo\u011fun ilgi g\u00f6sterdi. Yakla\u015f\u0131k iki saat s\u00fcren programda kat\u0131l\u0131mc\u0131lar, g\u00fcnl\u00fck ya\u015famda kar\u015f\u0131la\u015ft\u0131klar\u0131 sorunlara y\u00f6nelik do\u011frudan destek alma imk\u00e2n\u0131 buldu.<\/p>\n<p>Kad\u0131n ve Aile Hizmetleri M\u00fcd\u00fcr Vekili Av. K. G\u00f6zde \u00c7ak\u0131ro\u011flu, 6284 say\u0131l\u0131 kanun, kad\u0131n haklar\u0131 ve yasal s\u00fcre\u00e7lerle ilgili bilgiler verdi. Klinik Psikolog M. Seray Akdo\u011fan \u0130lter, psikoterapinin ne oldu\u011fu ve ne zaman ihtiya\u00e7 duyuldu\u011fu ile psikolog ve psikiyatrist aras\u0131ndaki farklara de\u011finerek interaktif bir etkinlik ger\u00e7ekle\u015ftirdi. Diyetisyen K. Miray Aker Esen, sa\u011fl\u0131kl\u0131 beslenme, dengeli ya\u015fam ve beden kitle endeksi hakk\u0131nda bilgiler verdi. Sosyolog Berrin Ak ise kad\u0131na y\u00f6nelik \u015fiddetle m\u00fccadelede kapsam\u0131nda m\u00fcd\u00fcrl\u00fck \u00e7al\u0131\u015fmalar\u0131, kad\u0131n\u0131n g\u00fc\u00e7lenmesi, istihdam ve sosyal destek mekanizmalar\u0131 hakk\u0131nda bilgilendirmelerde bulundu.<br \/><\/p>\n","protected":false},"excerpt":{"rendered":"<p>Bodrum Belediyesi, kad\u0131nlar\u0131n g\u00fc\u00e7lenmesine y\u00f6nelik \u00f6nemli bir ad\u0131m att\u0131. \u00c7iftlik Kad\u0131n Ya\u015fam Merkezi\u2019nde, Bodrum Belediyesi Kad\u0131n ve Aile Hizmetleri M\u00fcd\u00fcrl\u00fc\u011f\u00fc taraf\u0131ndan her ay farkl\u0131 konularda ger\u00e7ekle\u015ftirilmesi planlanan destek programlar\u0131n\u0131n ilki hayata ge\u00e7irildi. Bodrum Belediyesi Kad\u0131n ve Aile Hizmetleri M\u00fcd\u00fcrl\u00fc\u011f\u00fc meslek elemanlar\u0131 taraf\u0131ndan Bodrum\u2019un \u00c7iftlik Mahallesi\u2019ndeki kad\u0131nlara hukuki, psikolojik, sosyal ve sa\u011fl\u0131kl\u0131 beslenme konular\u0131nda kapsaml\u0131 bilgilendirmeler&#8230;<\/p>\n","protected":false},"author":1,"featured_media":38317,"comment_status":"open","ping_status":"open","sticky":false,"template":"","format":"standard","meta":{"_crdt_document":"","footnotes":""},"categories":[1],"tags":[],"class_list":["post-38316","post","type-post","status-publish","format-standard","has-post-thumbnail","hentry","category-guncel"],"_links":{"self":[{"href":"https:\/\/www.egemtv.com\/index.php?rest_route=\/wp\/v2\/posts\/38316","targetHints":{"allow":["GET"]}}],"collection":[{"href":"https:\/\/www.egemtv.com\/index.php?rest_route=\/wp\/v2\/posts"}],"about":[{"href":"https:\/\/www.egemtv.com\/index.php?rest_route=\/wp\/v2\/types\/post"}],"author":[{"embeddable":true,"href":"https:\/\/www.egemtv.com\/index.php?rest_route=\/wp\/v2\/users\/1"}],"replies":[{"embeddable":true,"href":"https:\/\/www.egemtv.com\/index.php?rest_route=%2Fwp%2Fv2%2Fcomments&post=38316"}],"version-history":[{"count":1,"href":"https:\/\/www.egemtv.com\/index.php?rest_route=\/wp\/v2\/posts\/38316\/revisions"}],"predecessor-version":[{"id":38318,"href":"https:\/\/www.egemtv.com\/index.php?rest_route=\/wp\/v2\/posts\/38316\/revisions\/38318"}],"wp:featuredmedia":[{"embeddable":true,"href":"https:\/\/www.egemtv.com\/index.php?rest_route=\/wp\/v2\/media\/38317"}],"wp:attachment":[{"href":"https:\/\/www.egemtv.com\/index.php?rest_route=%2Fwp%2Fv2%2Fmedia&parent=38316"}],"wp:term":[{"taxonomy":"category","embeddable":true,"href":"https:\/\/www.egemtv.com\/index.php?rest_route=%2Fwp%2Fv2%2Fcategories&post=38316"},{"taxonomy":"post_tag","embeddable":true,"href":"https:\/\/www.egemtv.com\/index.php?rest_route=%2Fwp%2Fv2%2Ftags&post=38316"}],"curies":[{"name":"wp","href":"https:\/\/api.w.org\/{rel}","templated":true}]}}