{"id":38313,"date":"2025-06-27T19:36:32","date_gmt":"2025-06-27T16:36:32","guid":{"rendered":"https:\/\/www.egemtv.com\/?p=38313"},"modified":"2025-06-27T19:36:37","modified_gmt":"2025-06-27T16:36:37","slug":"dilenci-ve-seyyar-saticilara-gecit-yok","status":"publish","type":"post","link":"https:\/\/www.egemtv.com\/?p=38313","title":{"rendered":"Dilenci ve seyyar sat\u0131c\u0131lara ge\u00e7it yok"},"content":{"rendered":"<p>Bodrum\u2019da zab\u0131ta ekipleri, dilencilere ve seyyar sat\u0131c\u0131lara y\u00f6nelik denetim ve uygulamalar\u0131n\u0131 aral\u0131ks\u0131z s\u00fcrd\u00fcr\u00fcyor.<\/p>\n<p>Bodrum Belediyesi Zab\u0131ta M\u00fcd\u00fcrl\u00fc\u011f\u00fc ekipleri, \u00f6zellikle tatilcilerin yo\u011fun oldu\u011fu b\u00f6lgelerde denetimlerini s\u0131kla\u015ft\u0131rarak dilenci ve izinsiz sat\u0131\u015f yapan seyyar sat\u0131c\u0131lara m\u00fcdahalede bulunuyor. Denetimlerin yan\u0131 s\u0131ra da\u011f\u0131t\u0131lan bro\u015f\u00fcr ve afi\u015flerle yerli ve yabanc\u0131 tatilciler bilgilendiriliyor.<\/p>\n<p>T\u00fcrk\u00e7e ve \u0130ngilizce olarak haz\u0131rlanan bro\u015f\u00fcr ve as\u0131lan afi\u015flerde ise; &#8220;De\u011ferli misafirlerimiz, dilencilere para yard\u0131m\u0131nda bulunmak; kent asayi\u015fini bozmaya y\u00f6nelik sorunlar\u0131n artmas\u0131na ve \u00e7ocuk istismar\u0131na neden olabilmektedir. Dilencilere itibar etmemenizi rica eder, Bodrum tatilinizi unutulmaz k\u0131lmak ad\u0131na yerel yard\u0131m kurulu\u015flar\u0131na ba\u011f\u0131\u015fta bulunabilece\u011finizi \u00f6nemle hat\u0131rlat\u0131r\u0131z. \u0130yi tatiller&#8221; ifadelerine yer veriliyor.<\/p>\n<p>Ger\u00e7ekle\u015ftirilen denetimlerde izinsiz sat\u0131\u015f yapan seyyar sat\u0131c\u0131lar\u0131n \u00fcr\u00fcnlerine el koyulurken Kabahatler Kanunu\u2019na g\u00f6re cezai i\u015flem uygulan\u0131yor. Dilencilere de ayn\u0131 \u015fekilde cezai i\u015flem uygulan\u0131yor ve gerekli uyar\u0131lar yap\u0131larak bulunduklar\u0131 b\u00f6lgelerden uzakla\u015ft\u0131r\u0131l\u0131yor. Mahalle aralar\u0131nda dola\u015fan hurdac\u0131lara y\u00f6nelik de denetim ve uygulamalar\u0131na devam eden zab\u0131ta ekipleri, izinsiz \u00e7al\u0131\u015fan hurdac\u0131lara da cezai i\u015flem uygulayarak il\u00e7e d\u0131\u015f\u0131na \u00e7\u0131kart\u0131yor.<\/p>\n<p>478 bin 386 lira cezai i\u015flem uyguland\u0131<br \/>\n<br \/>Bodrum Belediyesi Zab\u0131ta M\u00fcd\u00fcrl\u00fc\u011f\u00fc ekipleri, 2025 y\u0131l\u0131 i\u00e7erisinde her \u00fc\u00e7 konuyla ilgili toplam 162 i\u015flem ger\u00e7ekle\u015ftirdi. Bu i\u015flemler sonucunda 478 bin 386 lira tutar\u0131nda cezai i\u015flem uyguland\u0131. Yetkililer, dilenci ve seyyar sat\u0131c\u0131lara y\u00f6nelik denetim ve uygulamalar\u0131n\u0131n aral\u0131ks\u0131z devam edece\u011fini vurgulad\u0131.  Tatilcileri ve vatanda\u015flar\u0131 dilencilere kar\u015f\u0131 dikkatli olmalar\u0131 konusunda uyaran ekipler, seyyar sat\u0131c\u0131lardan al\u0131\u015fveri\u015f yap\u0131lmamas\u0131 gerekti\u011fini de hat\u0131rlatt\u0131.<br \/><\/p>\n","protected":false},"excerpt":{"rendered":"<p>Bodrum\u2019da zab\u0131ta ekipleri, dilencilere ve seyyar sat\u0131c\u0131lara y\u00f6nelik denetim ve uygulamalar\u0131n\u0131 aral\u0131ks\u0131z s\u00fcrd\u00fcr\u00fcyor. Bodrum Belediyesi Zab\u0131ta M\u00fcd\u00fcrl\u00fc\u011f\u00fc ekipleri, \u00f6zellikle tatilcilerin yo\u011fun oldu\u011fu b\u00f6lgelerde denetimlerini s\u0131kla\u015ft\u0131rarak dilenci ve izinsiz sat\u0131\u015f yapan seyyar sat\u0131c\u0131lara m\u00fcdahalede bulunuyor. Denetimlerin yan\u0131 s\u0131ra da\u011f\u0131t\u0131lan bro\u015f\u00fcr ve afi\u015flerle yerli ve yabanc\u0131 tatilciler bilgilendiriliyor. T\u00fcrk\u00e7e ve \u0130ngilizce olarak haz\u0131rlanan bro\u015f\u00fcr ve as\u0131lan afi\u015flerde&#8230;<\/p>\n","protected":false},"author":1,"featured_media":38314,"comment_status":"open","ping_status":"open","sticky":false,"template":"","format":"standard","meta":{"_crdt_document":"","footnotes":""},"categories":[1],"tags":[],"class_list":["post-38313","post","type-post","status-publish","format-standard","has-post-thumbnail","hentry","category-guncel"],"_links":{"self":[{"href":"https:\/\/www.egemtv.com\/index.php?rest_route=\/wp\/v2\/posts\/38313","targetHints":{"allow":["GET"]}}],"collection":[{"href":"https:\/\/www.egemtv.com\/index.php?rest_route=\/wp\/v2\/posts"}],"about":[{"href":"https:\/\/www.egemtv.com\/index.php?rest_route=\/wp\/v2\/types\/post"}],"author":[{"embeddable":true,"href":"https:\/\/www.egemtv.com\/index.php?rest_route=\/wp\/v2\/users\/1"}],"replies":[{"embeddable":true,"href":"https:\/\/www.egemtv.com\/index.php?rest_route=%2Fwp%2Fv2%2Fcomments&post=38313"}],"version-history":[{"count":1,"href":"https:\/\/www.egemtv.com\/index.php?rest_route=\/wp\/v2\/posts\/38313\/revisions"}],"predecessor-version":[{"id":38315,"href":"https:\/\/www.egemtv.com\/index.php?rest_route=\/wp\/v2\/posts\/38313\/revisions\/38315"}],"wp:featuredmedia":[{"embeddable":true,"href":"https:\/\/www.egemtv.com\/index.php?rest_route=\/wp\/v2\/media\/38314"}],"wp:attachment":[{"href":"https:\/\/www.egemtv.com\/index.php?rest_route=%2Fwp%2Fv2%2Fmedia&parent=38313"}],"wp:term":[{"taxonomy":"category","embeddable":true,"href":"https:\/\/www.egemtv.com\/index.php?rest_route=%2Fwp%2Fv2%2Fcategories&post=38313"},{"taxonomy":"post_tag","embeddable":true,"href":"https:\/\/www.egemtv.com\/index.php?rest_route=%2Fwp%2Fv2%2Ftags&post=38313"}],"curies":[{"name":"wp","href":"https:\/\/api.w.org\/{rel}","templated":true}]}}