{"id":38310,"date":"2025-06-27T19:15:09","date_gmt":"2025-06-27T16:15:09","guid":{"rendered":"https:\/\/www.egemtv.com\/?p=38310"},"modified":"2025-06-27T19:15:14","modified_gmt":"2025-06-27T16:15:14","slug":"vali-elbandan-bornova-yangini-aciklamasi-enerjisi-dusmus-durumda","status":"publish","type":"post","link":"https:\/\/www.egemtv.com\/?p=38310","title":{"rendered":"Vali Elban\u2019dan Bornova yang\u0131n\u0131 a\u00e7\u0131klamas\u0131: &#8220;Enerjisi d\u00fc\u015fm\u00fc\u015f durumda&#8221;"},"content":{"rendered":"<p>\u0130zmir\u2019in Bornova il\u00e7esinde \u00e7\u0131kan ve baz\u0131 evlerin k\u00fcle d\u00f6nd\u00fc\u011f\u00fc orman yang\u0131n\u0131na, \u00e7at\u0131 tamirat\u0131n\u0131n sebep oldu\u011fu, olayla ilgili  3 ki\u015finin g\u00f6zalt\u0131na al\u0131nd\u0131\u011f\u0131 bildirildi. \u0130zmir Valisi S\u00fcleyman Elban, yang\u0131n\u0131n enerjisinin d\u00fc\u015f\u00fcr\u00fcld\u00fc\u011f\u00fcn\u00fc ve k\u0131sa s\u00fcrede kontrol alt\u0131na almak i\u00e7in t\u00fcm ekiplerin seferber oldu\u011funu a\u00e7\u0131klad\u0131.<br \/>\n<br \/>Yakak\u00f6y mevkiinde tar\u0131m arazisinde ba\u015flayan daha sonra ormanl\u0131k alana s\u0131\u00e7rayan yang\u0131n, r\u00fczgar\u0131n etkisiyle b\u00fcy\u00fcd\u00fc. \u0130zmir Orman B\u00f6lge M\u00fcd\u00fcrl\u00fc\u011f\u00fc\u2019ne ba\u011fl\u0131 8 u\u00e7ak ve 17 helikopterle havadan, 22 araz\u00f6z, 7 su ikmal ve 5 dozerle karadan m\u00fcdahale s\u00fcr\u00fcyor. R\u00fczgar\u0131n etkili oldu\u011fu b\u00f6lgede, alevlerin kontrol alt\u0131na al\u0131nabilmesi i\u00e7in ekipler ola\u011fan\u00fcst\u00fc \u00e7aba sergiliyor. Ekiplerin hem havadan hem karadan yapt\u0131\u011f\u0131 t\u00fcm m\u00fcdahaleye ra\u011fmen alevler, yakla\u015f\u0131k bin 500 ki\u015finin ya\u015fad\u0131\u011f\u0131 Yakak\u00f6y Mahallesi\u2019ne ula\u015ft\u0131. Kolluk g\u00f6revlilerinin yapt\u0131\u011f\u0131 \u00e7a\u011fr\u0131 ile birlikte vatanda\u015flar evlerinden tahliye edilmeye ba\u015flad\u0131. K\u00f6yde baz\u0131 evlerin, hobi bah\u00e7esi ve ah\u0131rlar\u0131n yang\u0131ndan zarar g\u00f6rd\u00fc\u011f\u00fc \u00f6\u011frenildi.<\/p>\n<p>&#8220;Yang\u0131n\u0131n enerjisi d\u00fc\u015fm\u00fc\u015f durumda&#8221;<br \/>\n<br \/>Yang\u0131n b\u00f6lgesinde bas\u0131n mensuplar\u0131na a\u00e7\u0131klama yapan Vali Elban, yang\u0131n\u0131n enerjisinin d\u00fc\u015f\u00fcr\u00fcld\u00fc\u011f\u00fcn\u00fc s\u00f6yledi. Vali Elban, &#8220;Bornova il\u00e7emiz Yakak\u00f6y Mahallemizde bir evin \u00e7at\u0131s\u0131nda yap\u0131lan tadilattan \u00e7\u0131kan k\u0131v\u0131lc\u0131mlarla birlikte bir bina \u00f6n\u00fcne, ard\u0131ndan araziye, sonunda da ormana s\u0131\u00e7rayan bir yang\u0131n\u0131m\u0131z ba\u015flad\u0131. Tabi bu sahaya \u00e7ok yak\u0131n yerde helikopter alan\u0131 oldu\u011fu i\u00e7in 14.50 itibariyle 5 dakika sonra havadan m\u00fcdahalemiz ve birka\u00e7 dakika i\u00e7erisinde de karadan m\u00fcdahalemiz de hemen ba\u015flam\u0131\u015f oldu. An itibariyle hen\u00fcz yang\u0131n kontrol alt\u0131na al\u0131nabilmi\u015f de\u011fil. Ancak \u00e7ok \u015f\u00fck\u00fcr ki enerjisi d\u00fc\u015fm\u00fc\u015f durumda&#8221; dedi.<\/p>\n<p>455 ev tahliye edildi<br \/>\n<br \/>Vali Elban tedbir amac\u0131yla 455 evin tahliye edildi\u011fini s\u00f6ylerken, &#8220;Yang\u0131nda 455 evimizi tahliye ettik. Yang\u0131ndan etkilenen \u00e7ok \u015f\u00fck\u00fcr yaral\u0131 ya da can kayb\u0131m\u0131z etkilenen vatanda\u015f\u0131m\u0131z yok. Yang\u0131ndan etkilenen yine evcil hayvan\u0131m\u0131zda bulunmamakta. Yang\u0131na 8 u\u00e7ak, 16 helikopter, 57 ara s\u00f6z, 29 dozer ve bir\u00e7ok i\u015f makinesi, bir\u00e7ok su tankeri ve yang\u0131n s\u00f6nd\u00fcrme ekipmanlar\u0131yla birlikte 643 personelimiz; onun d\u0131\u015f\u0131nda g\u00fcvenlik trafi\u011fi y\u00f6neten personellerimizle birlikte karadan ve havadan m\u00fcdahalemiz devam ediyor. Orman, AFAD, itfaiye, belediye ekiplerimiz, UMKE, emniyet, jandarma, t\u00fcm ekiplerimiz sahada yo\u011fun bir m\u00fccadele veriyoruz. \u0130n\u015fallah yakla\u015f\u0131k bir 3 saate yak\u0131n bir zaman\u0131m\u0131z var havadan m\u00fcdahale ile ilgili. O s\u00fcre sona ermeden havadan ve karadan yo\u011fun m\u00fcdahalelerle en k\u0131sa zamanda yang\u0131n kontrol alt\u0131na almay\u0131 bekliyoruz&#8221; diye konu\u015ftu.<\/p>\n<p>3 g\u00f6zalt\u0131<br \/>\n<br \/>Yang\u0131na sebebiyet veren 3 ki\u015finin g\u00f6zalt\u0131na al\u0131nd\u0131\u011f\u0131n\u0131 s\u00f6yleyen Vali Elban, &#8220;Bu yang\u0131na neden olan 3 ki\u015fi jandarmam\u0131z taraf\u0131ndan g\u00f6zalt\u0131na al\u0131nd\u0131. Onunla ilgili de soru\u015fturmalar\u0131m\u0131z devam ediyor. Yang\u0131nla ilgili hem havada hem karada yo\u011fun bir m\u00fccadele verirken t\u00fcm ekiplerimiz hakikaten \u00e7ok iyi bir uyumla yang\u0131nda ciddi bir m\u00fccadele veriyorlar. \u00d6nceki g\u00fcnk\u00fc yang\u0131nlarda da s\u00f6ylemi\u015ftim. Hakikaten \u00e7ok y\u00fcksek bir s\u0131cakl\u0131k d\u00f6nemindeyiz. \u00c7ok yo\u011fun bir r\u00fczgar var ve nem oran\u0131 da \u015fu anda y\u00fczde 17, 16\u2019larda. T\u00fcm vatanda\u015flar\u0131m\u0131zda bu d\u00f6nemde arazide ate\u015f yakmamalar\u0131, herhangi bir tadilatta bulunmamalar\u0131, izmarit atmamalar\u0131 ve yang\u0131na yol a\u00e7acak herhangi bir eylemde bulunmamalar\u0131 konusunda \u00f6zellikle de rica ediyoruz. Hakikaten \u00e7ok hassas bir d\u00f6nemdeyiz. Dolay\u0131s\u0131yla bu konuda herkesten \u00fcst\u00fcn bir hassasiyet ve dikkat bekliyoruz&#8221; diyerek vatanda\u015flar\u0131 uyard\u0131.<\/p>\n<p>Yanan evler var<br \/>\n<br \/>Ormanl\u0131k alandaki yang\u0131nda yanan evler oldu\u011funu s\u00f6yleyen Vali Elban, &#8220;Yanan evlerimiz var. Ben de biraz \u00f6nce yukar\u0131da havada helikopterle yang\u0131n sahas\u0131n\u0131 izledim. Benim de g\u00f6zle g\u00f6r\u00fcn\u00fcr bir \u015fekilde birka\u00e7 evin yand\u0131\u011f\u0131n\u0131 k\u0131smen yananlar da oldu\u011funu g\u00f6rd\u00fck. Ancak \u015fu anda t\u00fcm hedefimiz ve oda\u011f\u0131m\u0131z yang\u0131n\u0131n kontrol alt\u0131na al\u0131nmas\u0131 oldu\u011fu i\u00e7in, yang\u0131n kontrol alt\u0131na al\u0131nd\u0131ktan sonra alanda saha taramas\u0131 yapaca\u011f\u0131z. \u00c7ok \u015f\u00fck\u00fcr bir yaral\u0131m\u0131z, can kayb\u0131m\u0131z ve yang\u0131ndan etkilenen ne vatanda\u015f\u0131m\u0131z ne personelimiz bulunmamakta. Bu bizim i\u00e7in en b\u00fcy\u00fck teselli&#8221; dedi.<br \/><\/p>\n","protected":false},"excerpt":{"rendered":"<p>\u0130zmir\u2019in Bornova il\u00e7esinde \u00e7\u0131kan ve baz\u0131 evlerin k\u00fcle d\u00f6nd\u00fc\u011f\u00fc orman yang\u0131n\u0131na, \u00e7at\u0131 tamirat\u0131n\u0131n sebep oldu\u011fu, olayla ilgili 3 ki\u015finin g\u00f6zalt\u0131na al\u0131nd\u0131\u011f\u0131 bildirildi. \u0130zmir Valisi S\u00fcleyman Elban, yang\u0131n\u0131n enerjisinin d\u00fc\u015f\u00fcr\u00fcld\u00fc\u011f\u00fcn\u00fc ve k\u0131sa s\u00fcrede kontrol alt\u0131na almak i\u00e7in t\u00fcm ekiplerin seferber oldu\u011funu a\u00e7\u0131klad\u0131. Yakak\u00f6y mevkiinde tar\u0131m arazisinde ba\u015flayan daha sonra ormanl\u0131k alana s\u0131\u00e7rayan yang\u0131n, r\u00fczgar\u0131n etkisiyle b\u00fcy\u00fcd\u00fc&#8230;.<\/p>\n","protected":false},"author":1,"featured_media":38311,"comment_status":"open","ping_status":"open","sticky":false,"template":"","format":"standard","meta":{"_crdt_document":"","footnotes":""},"categories":[5],"tags":[],"class_list":["post-38310","post","type-post","status-publish","format-standard","has-post-thumbnail","hentry","category-asayis"],"_links":{"self":[{"href":"https:\/\/www.egemtv.com\/index.php?rest_route=\/wp\/v2\/posts\/38310","targetHints":{"allow":["GET"]}}],"collection":[{"href":"https:\/\/www.egemtv.com\/index.php?rest_route=\/wp\/v2\/posts"}],"about":[{"href":"https:\/\/www.egemtv.com\/index.php?rest_route=\/wp\/v2\/types\/post"}],"author":[{"embeddable":true,"href":"https:\/\/www.egemtv.com\/index.php?rest_route=\/wp\/v2\/users\/1"}],"replies":[{"embeddable":true,"href":"https:\/\/www.egemtv.com\/index.php?rest_route=%2Fwp%2Fv2%2Fcomments&post=38310"}],"version-history":[{"count":1,"href":"https:\/\/www.egemtv.com\/index.php?rest_route=\/wp\/v2\/posts\/38310\/revisions"}],"predecessor-version":[{"id":38312,"href":"https:\/\/www.egemtv.com\/index.php?rest_route=\/wp\/v2\/posts\/38310\/revisions\/38312"}],"wp:featuredmedia":[{"embeddable":true,"href":"https:\/\/www.egemtv.com\/index.php?rest_route=\/wp\/v2\/media\/38311"}],"wp:attachment":[{"href":"https:\/\/www.egemtv.com\/index.php?rest_route=%2Fwp%2Fv2%2Fmedia&parent=38310"}],"wp:term":[{"taxonomy":"category","embeddable":true,"href":"https:\/\/www.egemtv.com\/index.php?rest_route=%2Fwp%2Fv2%2Fcategories&post=38310"},{"taxonomy":"post_tag","embeddable":true,"href":"https:\/\/www.egemtv.com\/index.php?rest_route=%2Fwp%2Fv2%2Ftags&post=38310"}],"curies":[{"name":"wp","href":"https:\/\/api.w.org\/{rel}","templated":true}]}}