{"id":38307,"date":"2025-06-27T18:16:39","date_gmt":"2025-06-27T15:16:39","guid":{"rendered":"https:\/\/www.egemtv.com\/?p=38307"},"modified":"2025-06-27T18:16:44","modified_gmt":"2025-06-27T15:16:44","slug":"dalaman-ve-bodrumda-denizden-tibbi-tahliye","status":"publish","type":"post","link":"https:\/\/www.egemtv.com\/?p=38307","title":{"rendered":"Dalaman ve Bodrum\u2019da denizden t\u0131bbi tahliye"},"content":{"rendered":"<p>Mu\u011fla\u2019n\u0131n Bodrum ve Dalaman il\u00e7elerinde gezi ve \u00f6zel teknede rahats\u0131zlanan vatanda\u015flar Sahil G\u00fcvenlik ekiplerince t\u0131bbi tahliyesi ger\u00e7ekle\u015ftirildi.<br \/>\n<br \/>Bodrum ve Dalaman il\u00e7esi a\u00e7\u0131klar\u0131nda seyreden gezi ve \u00f6zel teknede bulunan vatanda\u015flar\u0131n rahats\u0131zlanmas\u0131 \u00fczerine yard\u0131m \u00e7a\u011fr\u0131s\u0131 yap\u0131ld\u0131. Yap\u0131lan yard\u0131m \u00e7a\u011fr\u0131s\u0131 \u00fczerine y\u00f6nlendirilen Sahil G\u00fcvenlik ekipleri, teknelerden ald\u0131klar\u0131 vatanda\u015flar\u0131 112 ambulans ekiplerine teslim edildi.<br \/><\/p>\n","protected":false},"excerpt":{"rendered":"<p>Mu\u011fla\u2019n\u0131n Bodrum ve Dalaman il\u00e7elerinde gezi ve \u00f6zel teknede rahats\u0131zlanan vatanda\u015flar Sahil G\u00fcvenlik ekiplerince t\u0131bbi tahliyesi ger\u00e7ekle\u015ftirildi. Bodrum ve Dalaman il\u00e7esi a\u00e7\u0131klar\u0131nda seyreden gezi ve \u00f6zel teknede bulunan vatanda\u015flar\u0131n rahats\u0131zlanmas\u0131 \u00fczerine yard\u0131m \u00e7a\u011fr\u0131s\u0131 yap\u0131ld\u0131. Yap\u0131lan yard\u0131m \u00e7a\u011fr\u0131s\u0131 \u00fczerine y\u00f6nlendirilen Sahil G\u00fcvenlik ekipleri, teknelerden ald\u0131klar\u0131 vatanda\u015flar\u0131 112 ambulans ekiplerine teslim edildi.<\/p>\n","protected":false},"author":1,"featured_media":38308,"comment_status":"open","ping_status":"open","sticky":false,"template":"","format":"standard","meta":{"_crdt_document":"","footnotes":""},"categories":[2],"tags":[],"class_list":["post-38307","post","type-post","status-publish","format-standard","has-post-thumbnail","hentry","category-saglik"],"_links":{"self":[{"href":"https:\/\/www.egemtv.com\/index.php?rest_route=\/wp\/v2\/posts\/38307","targetHints":{"allow":["GET"]}}],"collection":[{"href":"https:\/\/www.egemtv.com\/index.php?rest_route=\/wp\/v2\/posts"}],"about":[{"href":"https:\/\/www.egemtv.com\/index.php?rest_route=\/wp\/v2\/types\/post"}],"author":[{"embeddable":true,"href":"https:\/\/www.egemtv.com\/index.php?rest_route=\/wp\/v2\/users\/1"}],"replies":[{"embeddable":true,"href":"https:\/\/www.egemtv.com\/index.php?rest_route=%2Fwp%2Fv2%2Fcomments&post=38307"}],"version-history":[{"count":1,"href":"https:\/\/www.egemtv.com\/index.php?rest_route=\/wp\/v2\/posts\/38307\/revisions"}],"predecessor-version":[{"id":38309,"href":"https:\/\/www.egemtv.com\/index.php?rest_route=\/wp\/v2\/posts\/38307\/revisions\/38309"}],"wp:featuredmedia":[{"embeddable":true,"href":"https:\/\/www.egemtv.com\/index.php?rest_route=\/wp\/v2\/media\/38308"}],"wp:attachment":[{"href":"https:\/\/www.egemtv.com\/index.php?rest_route=%2Fwp%2Fv2%2Fmedia&parent=38307"}],"wp:term":[{"taxonomy":"category","embeddable":true,"href":"https:\/\/www.egemtv.com\/index.php?rest_route=%2Fwp%2Fv2%2Fcategories&post=38307"},{"taxonomy":"post_tag","embeddable":true,"href":"https:\/\/www.egemtv.com\/index.php?rest_route=%2Fwp%2Fv2%2Ftags&post=38307"}],"curies":[{"name":"wp","href":"https:\/\/api.w.org\/{rel}","templated":true}]}}