{"id":38304,"date":"2025-06-27T17:57:55","date_gmt":"2025-06-27T14:57:55","guid":{"rendered":"https:\/\/www.egemtv.com\/?p=38304"},"modified":"2025-06-27T17:58:02","modified_gmt":"2025-06-27T14:58:02","slug":"karavan-yangini-ormana-sicradi-ekipler-aninda-mudahale-etti","status":"publish","type":"post","link":"https:\/\/www.egemtv.com\/?p=38304","title":{"rendered":"Karavan yang\u0131n\u0131 ormana s\u0131\u00e7rad\u0131, ekipler an\u0131nda m\u00fcdahale etti"},"content":{"rendered":"<p>Mu\u011fla\u2019n\u0131n Kavakl\u0131dere il\u00e7esi ile Ayd\u0131n\u2019\u0131n Bozdo\u011fan il\u00e7esi s\u0131n\u0131r\u0131nda yer bir karavanda \u00e7\u0131kan yang\u0131n ormana s\u0131\u00e7rad\u0131.<br \/>\n<br \/>Edinilen bilgiye g\u00f6re, Kavakl\u0131dere Dereba\u011f mahallesi ile Bozdo\u011fan\u2019\u0131n \u00d6rentaht mahallesi s\u0131n\u0131r\u0131nda bulunan bir karavanda yang\u0131n \u00e7\u0131kt\u0131. 112 Acil \u00c7a\u011fr\u0131 Merkezine bilgi verilmesi \u00fczerine b\u00f6lgeye Mu\u011fla Orman B\u00f6lge M\u00fcd\u00fcrl\u00fc\u011f\u00fc araz\u00f6z ekipleri sevk edildi.<br \/>\n<br \/>Ekiplerin zaman\u0131nda m\u00fcdahalesi ile ormana s\u0131\u00e7rayan yang\u0131n k\u0131sa s\u00fcrede s\u00f6nd\u00fcr\u00fcld\u00fc ve so\u011futma \u00e7al\u0131\u015fmas\u0131 yap\u0131ld\u0131.<br \/><\/p>\n","protected":false},"excerpt":{"rendered":"<p>Mu\u011fla\u2019n\u0131n Kavakl\u0131dere il\u00e7esi ile Ayd\u0131n\u2019\u0131n Bozdo\u011fan il\u00e7esi s\u0131n\u0131r\u0131nda yer bir karavanda \u00e7\u0131kan yang\u0131n ormana s\u0131\u00e7rad\u0131. Edinilen bilgiye g\u00f6re, Kavakl\u0131dere Dereba\u011f mahallesi ile Bozdo\u011fan\u2019\u0131n \u00d6rentaht mahallesi s\u0131n\u0131r\u0131nda bulunan bir karavanda yang\u0131n \u00e7\u0131kt\u0131. 112 Acil \u00c7a\u011fr\u0131 Merkezine bilgi verilmesi \u00fczerine b\u00f6lgeye Mu\u011fla Orman B\u00f6lge M\u00fcd\u00fcrl\u00fc\u011f\u00fc araz\u00f6z ekipleri sevk edildi. Ekiplerin zaman\u0131nda m\u00fcdahalesi ile ormana s\u0131\u00e7rayan yang\u0131n k\u0131sa&#8230;<\/p>\n","protected":false},"author":1,"featured_media":38305,"comment_status":"open","ping_status":"open","sticky":false,"template":"","format":"standard","meta":{"_crdt_document":"","footnotes":""},"categories":[1],"tags":[],"class_list":["post-38304","post","type-post","status-publish","format-standard","has-post-thumbnail","hentry","category-guncel"],"_links":{"self":[{"href":"https:\/\/www.egemtv.com\/index.php?rest_route=\/wp\/v2\/posts\/38304","targetHints":{"allow":["GET"]}}],"collection":[{"href":"https:\/\/www.egemtv.com\/index.php?rest_route=\/wp\/v2\/posts"}],"about":[{"href":"https:\/\/www.egemtv.com\/index.php?rest_route=\/wp\/v2\/types\/post"}],"author":[{"embeddable":true,"href":"https:\/\/www.egemtv.com\/index.php?rest_route=\/wp\/v2\/users\/1"}],"replies":[{"embeddable":true,"href":"https:\/\/www.egemtv.com\/index.php?rest_route=%2Fwp%2Fv2%2Fcomments&post=38304"}],"version-history":[{"count":1,"href":"https:\/\/www.egemtv.com\/index.php?rest_route=\/wp\/v2\/posts\/38304\/revisions"}],"predecessor-version":[{"id":38306,"href":"https:\/\/www.egemtv.com\/index.php?rest_route=\/wp\/v2\/posts\/38304\/revisions\/38306"}],"wp:featuredmedia":[{"embeddable":true,"href":"https:\/\/www.egemtv.com\/index.php?rest_route=\/wp\/v2\/media\/38305"}],"wp:attachment":[{"href":"https:\/\/www.egemtv.com\/index.php?rest_route=%2Fwp%2Fv2%2Fmedia&parent=38304"}],"wp:term":[{"taxonomy":"category","embeddable":true,"href":"https:\/\/www.egemtv.com\/index.php?rest_route=%2Fwp%2Fv2%2Fcategories&post=38304"},{"taxonomy":"post_tag","embeddable":true,"href":"https:\/\/www.egemtv.com\/index.php?rest_route=%2Fwp%2Fv2%2Ftags&post=38304"}],"curies":[{"name":"wp","href":"https:\/\/api.w.org\/{rel}","templated":true}]}}