{"id":38301,"date":"2025-06-27T17:57:52","date_gmt":"2025-06-27T14:57:52","guid":{"rendered":"https:\/\/www.egemtv.com\/?p=38301"},"modified":"2025-06-27T17:57:55","modified_gmt":"2025-06-27T14:57:55","slug":"kugiadin-yeni-baskani-alper-altun-oldu","status":"publish","type":"post","link":"https:\/\/www.egemtv.com\/?p=38301","title":{"rendered":"K\u00dcG\u0130AD\u2019\u0131n yeni ba\u015fkan\u0131 Alper Altun oldu"},"content":{"rendered":"<p>K\u00fctahya Gen\u00e7 \u0130\u015f \u0130nsanlar\u0131 ve Y\u00f6neticileri Derne\u011fi (K\u00dcG\u0130AD), ola\u011fan\u00fcst\u00fc se\u00e7imli genel kurulunu ger\u00e7ekle\u015ftirdi. \u0130ki aday\u0131n yar\u0131\u015ft\u0131\u011f\u0131 ba\u015fkanl\u0131k se\u00e7iminde, \u00fcyelerin b\u00fcy\u00fck bir b\u00f6l\u00fcm\u00fcn\u00fcn oyunu alan Alper Altun, K\u00dcG\u0130AD\u2019\u0131n yeni ba\u015fkan\u0131 oldu.<br \/>\n<br \/>Alper Altun ile S\u00fcleyman Selvi\u2019nin ba\u015fkanl\u0131k i\u00e7in yar\u0131\u015ft\u0131\u011f\u0131 se\u00e7imde, 121 \u00fcye oy kulland\u0131. Yap\u0131lan oylamada 63 oy alan Alper Altun, ba\u015fkanl\u0131\u011fa se\u00e7ildi. Rakibi S\u00fcleyman Selvi ise 58 oyda kald\u0131.<br \/>\n<br \/>Ba\u015fkanl\u0131k g\u00f6revine se\u00e7ilen Alper Altun yapt\u0131\u011f\u0131 a\u00e7\u0131klamada, &#8220;Demokratik ve dost\u00e7a bir yar\u0131\u015f oldu. Bu s\u00fcrece katk\u0131 sunan herkese te\u015fekk\u00fcr ediyorum. Birlik ve beraberlik i\u00e7inde, derne\u011fimizin vizyonunu daha ileriye ta\u015f\u0131mak i\u00e7in hep birlikte \u00e7al\u0131\u015faca\u011f\u0131z.&#8221; dedi.<br \/>\n<br \/>Yeni y\u00f6netim kurulu \u015fu isimlerden olu\u015ftu: Ahmet \u00d6zrenk, Funda Aytun, Mahmut \u00c7etinba\u015f, Safa Garip\u00f6zer, Ahmet Yasir G\u00fcm\u00fc\u015f, Halit Eruyar, Talha Temizerler, Burak Y\u0131ld\u0131r\u0131m, \u0130brahim Baydemir, Safa Ar ve Tansal Ta\u011f.<br \/>\n<br \/>Genel kurula, derne\u011fin \u00f6nceki d\u00f6nem ba\u015fkan\u0131 Osman Alt\u0131nkaya da kat\u0131ld\u0131.<br \/><\/p>\n","protected":false},"excerpt":{"rendered":"<p>K\u00fctahya Gen\u00e7 \u0130\u015f \u0130nsanlar\u0131 ve Y\u00f6neticileri Derne\u011fi (K\u00dcG\u0130AD), ola\u011fan\u00fcst\u00fc se\u00e7imli genel kurulunu ger\u00e7ekle\u015ftirdi. \u0130ki aday\u0131n yar\u0131\u015ft\u0131\u011f\u0131 ba\u015fkanl\u0131k se\u00e7iminde, \u00fcyelerin b\u00fcy\u00fck bir b\u00f6l\u00fcm\u00fcn\u00fcn oyunu alan Alper Altun, K\u00dcG\u0130AD\u2019\u0131n yeni ba\u015fkan\u0131 oldu. Alper Altun ile S\u00fcleyman Selvi\u2019nin ba\u015fkanl\u0131k i\u00e7in yar\u0131\u015ft\u0131\u011f\u0131 se\u00e7imde, 121 \u00fcye oy kulland\u0131. Yap\u0131lan oylamada 63 oy alan Alper Altun, ba\u015fkanl\u0131\u011fa se\u00e7ildi. Rakibi S\u00fcleyman Selvi&#8230;<\/p>\n","protected":false},"author":1,"featured_media":38302,"comment_status":"open","ping_status":"open","sticky":false,"template":"","format":"standard","meta":{"_crdt_document":"","footnotes":""},"categories":[123],"tags":[],"class_list":["post-38301","post","type-post","status-publish","format-standard","has-post-thumbnail","hentry","category-gundem"],"_links":{"self":[{"href":"https:\/\/www.egemtv.com\/index.php?rest_route=\/wp\/v2\/posts\/38301","targetHints":{"allow":["GET"]}}],"collection":[{"href":"https:\/\/www.egemtv.com\/index.php?rest_route=\/wp\/v2\/posts"}],"about":[{"href":"https:\/\/www.egemtv.com\/index.php?rest_route=\/wp\/v2\/types\/post"}],"author":[{"embeddable":true,"href":"https:\/\/www.egemtv.com\/index.php?rest_route=\/wp\/v2\/users\/1"}],"replies":[{"embeddable":true,"href":"https:\/\/www.egemtv.com\/index.php?rest_route=%2Fwp%2Fv2%2Fcomments&post=38301"}],"version-history":[{"count":1,"href":"https:\/\/www.egemtv.com\/index.php?rest_route=\/wp\/v2\/posts\/38301\/revisions"}],"predecessor-version":[{"id":38303,"href":"https:\/\/www.egemtv.com\/index.php?rest_route=\/wp\/v2\/posts\/38301\/revisions\/38303"}],"wp:featuredmedia":[{"embeddable":true,"href":"https:\/\/www.egemtv.com\/index.php?rest_route=\/wp\/v2\/media\/38302"}],"wp:attachment":[{"href":"https:\/\/www.egemtv.com\/index.php?rest_route=%2Fwp%2Fv2%2Fmedia&parent=38301"}],"wp:term":[{"taxonomy":"category","embeddable":true,"href":"https:\/\/www.egemtv.com\/index.php?rest_route=%2Fwp%2Fv2%2Fcategories&post=38301"},{"taxonomy":"post_tag","embeddable":true,"href":"https:\/\/www.egemtv.com\/index.php?rest_route=%2Fwp%2Fv2%2Ftags&post=38301"}],"curies":[{"name":"wp","href":"https:\/\/api.w.org\/{rel}","templated":true}]}}