{"id":38298,"date":"2025-06-27T17:57:47","date_gmt":"2025-06-27T14:57:47","guid":{"rendered":"https:\/\/www.egemtv.com\/?p=38298"},"modified":"2025-06-27T17:57:52","modified_gmt":"2025-06-27T14:57:52","slug":"iki-ayri-suctan-aranan-sahis-yakalandi","status":"publish","type":"post","link":"https:\/\/www.egemtv.com\/?p=38298","title":{"rendered":"\u0130ki ayr\u0131 su\u00e7tan aranan \u015fah\u0131s yakaland\u0131"},"content":{"rendered":"<p>Mu\u011fla\u2019n\u0131n Bodrum il\u00e7esinde 2 ayr\u0131 su\u00e7tan 12 y\u0131l, 6 ay kesinle\u015fmi\u015f hapis cezas\u0131 ile aranan \u015fah\u0131s, jandarma ekiplerince yakaland\u0131.<\/p>\n<p>Bodrum \u0130l\u00e7e Jandarma Komutanl\u0131\u011f\u0131 taraf\u0131ndan aranan \u015fah\u0131slar\u0131n yakalanmas\u0131na y\u00f6nelik \u00e7al\u0131\u015fma yap\u0131ld\u0131. Hakk\u0131nda &#8220;birden fazla ki\u015fi taraf\u0131ndan silahl\u0131 ya\u011fma, h\u00fck\u00fcml\u00fc ve tutuklunun ka\u00e7mas\u0131&#8221; su\u00e7lar\u0131 olmak \u00fczere 2 ayr\u0131 su\u00e7tan 12 y\u0131l, 6 ay kesinle\u015fmi\u015f hapis cezas\u0131 ile yakalama karar\u0131 bulunan T.K.\u2019n\u0131n (22) Bodrum\u2019da oldu\u011fu tespit edildi. Turgutreis Mahallesi\u2019nde yap\u0131lan operasyon ile yakalanan \u015fah\u0131s, \u00e7\u0131kar\u0131ld\u0131\u011f\u0131 adli makamlarca tutuklanarak cezaevine g\u00f6nderildi.<br \/><\/p>\n","protected":false},"excerpt":{"rendered":"<p>Mu\u011fla\u2019n\u0131n Bodrum il\u00e7esinde 2 ayr\u0131 su\u00e7tan 12 y\u0131l, 6 ay kesinle\u015fmi\u015f hapis cezas\u0131 ile aranan \u015fah\u0131s, jandarma ekiplerince yakaland\u0131. Bodrum \u0130l\u00e7e Jandarma Komutanl\u0131\u011f\u0131 taraf\u0131ndan aranan \u015fah\u0131slar\u0131n yakalanmas\u0131na y\u00f6nelik \u00e7al\u0131\u015fma yap\u0131ld\u0131. Hakk\u0131nda &#8220;birden fazla ki\u015fi taraf\u0131ndan silahl\u0131 ya\u011fma, h\u00fck\u00fcml\u00fc ve tutuklunun ka\u00e7mas\u0131&#8221; su\u00e7lar\u0131 olmak \u00fczere 2 ayr\u0131 su\u00e7tan 12 y\u0131l, 6 ay kesinle\u015fmi\u015f hapis cezas\u0131 ile&#8230;<\/p>\n","protected":false},"author":1,"featured_media":38299,"comment_status":"open","ping_status":"open","sticky":false,"template":"","format":"standard","meta":{"_crdt_document":"","footnotes":""},"categories":[5],"tags":[],"class_list":["post-38298","post","type-post","status-publish","format-standard","has-post-thumbnail","hentry","category-asayis"],"_links":{"self":[{"href":"https:\/\/www.egemtv.com\/index.php?rest_route=\/wp\/v2\/posts\/38298","targetHints":{"allow":["GET"]}}],"collection":[{"href":"https:\/\/www.egemtv.com\/index.php?rest_route=\/wp\/v2\/posts"}],"about":[{"href":"https:\/\/www.egemtv.com\/index.php?rest_route=\/wp\/v2\/types\/post"}],"author":[{"embeddable":true,"href":"https:\/\/www.egemtv.com\/index.php?rest_route=\/wp\/v2\/users\/1"}],"replies":[{"embeddable":true,"href":"https:\/\/www.egemtv.com\/index.php?rest_route=%2Fwp%2Fv2%2Fcomments&post=38298"}],"version-history":[{"count":1,"href":"https:\/\/www.egemtv.com\/index.php?rest_route=\/wp\/v2\/posts\/38298\/revisions"}],"predecessor-version":[{"id":38300,"href":"https:\/\/www.egemtv.com\/index.php?rest_route=\/wp\/v2\/posts\/38298\/revisions\/38300"}],"wp:featuredmedia":[{"embeddable":true,"href":"https:\/\/www.egemtv.com\/index.php?rest_route=\/wp\/v2\/media\/38299"}],"wp:attachment":[{"href":"https:\/\/www.egemtv.com\/index.php?rest_route=%2Fwp%2Fv2%2Fmedia&parent=38298"}],"wp:term":[{"taxonomy":"category","embeddable":true,"href":"https:\/\/www.egemtv.com\/index.php?rest_route=%2Fwp%2Fv2%2Fcategories&post=38298"},{"taxonomy":"post_tag","embeddable":true,"href":"https:\/\/www.egemtv.com\/index.php?rest_route=%2Fwp%2Fv2%2Ftags&post=38298"}],"curies":[{"name":"wp","href":"https:\/\/api.w.org\/{rel}","templated":true}]}}