{"id":38295,"date":"2025-06-27T17:57:43","date_gmt":"2025-06-27T14:57:43","guid":{"rendered":"https:\/\/www.egemtv.com\/?p=38295"},"modified":"2025-06-27T17:57:47","modified_gmt":"2025-06-27T14:57:47","slug":"bodrumda-otluk-alanda-cikan-yangin-site-sakinlerini-korkuttu","status":"publish","type":"post","link":"https:\/\/www.egemtv.com\/?p=38295","title":{"rendered":"Bodrum\u2019da otluk alanda \u00e7\u0131kan yang\u0131n site sakinlerini korkuttu"},"content":{"rendered":"<p>Mu\u011fla\u2019n\u0131n Bodrum il\u00e7esine ba\u011fl\u0131 Akyarlar Mahallesi\u2019nde, otluk alanda \u00e7\u0131kan yang\u0131n r\u00fczgar\u0131n etkisiyle k\u0131sa s\u00fcrede b\u00fcy\u00fcyerek yerle\u015fim alanlar\u0131na kadar ula\u015ft\u0131. Alevlerin sitelere dayanmas\u0131 mahallede pani\u011fe yol a\u00e7t\u0131.<\/p>\n<p>Edinilen bilgiye g\u00f6re, mahalledeki yama\u00e7 alanda hen\u00fcz bilinmeyen bir nedenle \u00e7\u0131kan yang\u0131n, kuvvetli r\u00fczgarla birlikte h\u0131zla yay\u0131ld\u0131. Alevler, &#8220;Mavi I\u015f\u0131k Sitesi&#8221; ile &#8220;Yeni \u00dclk\u00fc Sitesi&#8221;nin bulundu\u011fu b\u00f6lgeye kadar ilerledi. Alevlerin evlere yakla\u015fmas\u0131yla birlikte vatanda\u015flar b\u00fcy\u00fck korku ya\u015farken, baz\u0131 sakinlerin panikle evlerini terk etti\u011fi g\u00f6r\u00fcld\u00fc.<\/p>\n<p>Olay\u0131n ard\u0131ndan b\u00f6lgeye \u00e7ok say\u0131da itfaiye ekibi, sa\u011fl\u0131k personeli ve g\u00fcvenlik g\u00fcc\u00fc sevk edildi. Dumanlar\u0131n binalar\u0131n etraf\u0131n\u0131 sard\u0131\u011f\u0131 yang\u0131na ekipler k\u0131sa s\u00fcrede m\u00fcdahale etti. 1 yang\u0131n s\u00f6nd\u00fcrme u\u00e7a\u011f\u0131 ve itfaiye ekiplerinin h\u0131zl\u0131 ve etkili \u00e7al\u0131\u015fmas\u0131yla alevler, sitelere ula\u015fmadan kontrol alt\u0131na al\u0131nd\u0131.<\/p>\n<p>G\u00fcvenlik g\u00fc\u00e7leri b\u00f6lgede geni\u015f \u00e7apl\u0131 \u00f6nlem al\u0131rken, sa\u011fl\u0131k ekipleri muhtemel bir m\u00fcdahale ihtimaline kar\u015f\u0131 haz\u0131r bekledi. Yang\u0131n\u0131n \u00e7\u0131k\u0131\u015f nedeni hen\u00fcz belirlenemezken, olayla ilgili inceleme ba\u015flat\u0131ld\u0131.<br \/><\/p>\n","protected":false},"excerpt":{"rendered":"<p>Mu\u011fla\u2019n\u0131n Bodrum il\u00e7esine ba\u011fl\u0131 Akyarlar Mahallesi\u2019nde, otluk alanda \u00e7\u0131kan yang\u0131n r\u00fczgar\u0131n etkisiyle k\u0131sa s\u00fcrede b\u00fcy\u00fcyerek yerle\u015fim alanlar\u0131na kadar ula\u015ft\u0131. Alevlerin sitelere dayanmas\u0131 mahallede pani\u011fe yol a\u00e7t\u0131. Edinilen bilgiye g\u00f6re, mahalledeki yama\u00e7 alanda hen\u00fcz bilinmeyen bir nedenle \u00e7\u0131kan yang\u0131n, kuvvetli r\u00fczgarla birlikte h\u0131zla yay\u0131ld\u0131. Alevler, &#8220;Mavi I\u015f\u0131k Sitesi&#8221; ile &#8220;Yeni \u00dclk\u00fc Sitesi&#8221;nin bulundu\u011fu b\u00f6lgeye kadar ilerledi&#8230;.<\/p>\n","protected":false},"author":1,"featured_media":38296,"comment_status":"open","ping_status":"open","sticky":false,"template":"","format":"standard","meta":{"_crdt_document":"","footnotes":""},"categories":[5],"tags":[],"class_list":["post-38295","post","type-post","status-publish","format-standard","has-post-thumbnail","hentry","category-asayis"],"_links":{"self":[{"href":"https:\/\/www.egemtv.com\/index.php?rest_route=\/wp\/v2\/posts\/38295","targetHints":{"allow":["GET"]}}],"collection":[{"href":"https:\/\/www.egemtv.com\/index.php?rest_route=\/wp\/v2\/posts"}],"about":[{"href":"https:\/\/www.egemtv.com\/index.php?rest_route=\/wp\/v2\/types\/post"}],"author":[{"embeddable":true,"href":"https:\/\/www.egemtv.com\/index.php?rest_route=\/wp\/v2\/users\/1"}],"replies":[{"embeddable":true,"href":"https:\/\/www.egemtv.com\/index.php?rest_route=%2Fwp%2Fv2%2Fcomments&post=38295"}],"version-history":[{"count":1,"href":"https:\/\/www.egemtv.com\/index.php?rest_route=\/wp\/v2\/posts\/38295\/revisions"}],"predecessor-version":[{"id":38297,"href":"https:\/\/www.egemtv.com\/index.php?rest_route=\/wp\/v2\/posts\/38295\/revisions\/38297"}],"wp:featuredmedia":[{"embeddable":true,"href":"https:\/\/www.egemtv.com\/index.php?rest_route=\/wp\/v2\/media\/38296"}],"wp:attachment":[{"href":"https:\/\/www.egemtv.com\/index.php?rest_route=%2Fwp%2Fv2%2Fmedia&parent=38295"}],"wp:term":[{"taxonomy":"category","embeddable":true,"href":"https:\/\/www.egemtv.com\/index.php?rest_route=%2Fwp%2Fv2%2Fcategories&post=38295"},{"taxonomy":"post_tag","embeddable":true,"href":"https:\/\/www.egemtv.com\/index.php?rest_route=%2Fwp%2Fv2%2Ftags&post=38295"}],"curies":[{"name":"wp","href":"https:\/\/api.w.org\/{rel}","templated":true}]}}