{"id":38292,"date":"2025-06-27T17:36:19","date_gmt":"2025-06-27T14:36:19","guid":{"rendered":"https:\/\/www.egemtv.com\/?p=38292"},"modified":"2025-06-27T17:36:23","modified_gmt":"2025-06-27T14:36:23","slug":"muglanin-9-ilcesi-icin-firtina-uyarisi","status":"publish","type":"post","link":"https:\/\/www.egemtv.com\/?p=38292","title":{"rendered":"Mu\u011fla\u2019n\u0131n 9 il\u00e7esi i\u00e7in f\u0131rt\u0131na uyar\u0131s\u0131"},"content":{"rendered":"<p>Meteoroloji 4. B\u00f6lge M\u00fcd\u00fcrl\u00fc\u011f\u00fc B\u00f6lge Tahmin ve Uyar\u0131 Merkezinden yap\u0131lan a\u00e7\u0131klamada, Mu\u011fla 9 il\u00e7esinde f\u0131rt\u0131na uyar\u0131s\u0131 yap\u0131ld\u0131.<br \/>\n<br \/>Yap\u0131lan uyar\u0131da, &#8220;Yap\u0131lan son de\u011ferlendirmelere g\u00f6re; 28.06.2025 Cumartesi g\u00fcn\u00fc sabah saatlerinden itibaren Mu\u011fla\u2019n\u0131n kuzey kesimlerinde ( Mu\u011fla, K\u00f6yce\u011fiz, Marmaris, Dat\u00e7a, Ula, Kavakl\u0131dere, Yata\u011fan, Milas, Bodrum ) kuzey y\u00f6nlerden kuvvetli r\u00fczgar ve f\u0131rt\u0131na (40-60 km\/saat, yer yer 70 km\/saat) bekleniyor. F\u0131rt\u0131nayla birlikte ula\u015f\u0131mda aksamalar, \u00e7at\u0131 u\u00e7mas\u0131, a\u011fa\u00e7 ve direklerin devrilmesi gibi olumsuzluklara kar\u015f\u0131 dikkatli ve tedbirli olunmal\u0131d\u0131r&#8221; denildi.<br \/><\/p>\n","protected":false},"excerpt":{"rendered":"<p>Meteoroloji 4. B\u00f6lge M\u00fcd\u00fcrl\u00fc\u011f\u00fc B\u00f6lge Tahmin ve Uyar\u0131 Merkezinden yap\u0131lan a\u00e7\u0131klamada, Mu\u011fla 9 il\u00e7esinde f\u0131rt\u0131na uyar\u0131s\u0131 yap\u0131ld\u0131. Yap\u0131lan uyar\u0131da, &#8220;Yap\u0131lan son de\u011ferlendirmelere g\u00f6re; 28.06.2025 Cumartesi g\u00fcn\u00fc sabah saatlerinden itibaren Mu\u011fla\u2019n\u0131n kuzey kesimlerinde ( Mu\u011fla, K\u00f6yce\u011fiz, Marmaris, Dat\u00e7a, Ula, Kavakl\u0131dere, Yata\u011fan, Milas, Bodrum ) kuzey y\u00f6nlerden kuvvetli r\u00fczgar ve f\u0131rt\u0131na (40-60 km\/saat, yer yer 70 km\/saat)&#8230;<\/p>\n","protected":false},"author":1,"featured_media":38293,"comment_status":"open","ping_status":"open","sticky":false,"template":"","format":"standard","meta":{"_crdt_document":"","footnotes":""},"categories":[1],"tags":[],"class_list":["post-38292","post","type-post","status-publish","format-standard","has-post-thumbnail","hentry","category-guncel"],"_links":{"self":[{"href":"https:\/\/www.egemtv.com\/index.php?rest_route=\/wp\/v2\/posts\/38292","targetHints":{"allow":["GET"]}}],"collection":[{"href":"https:\/\/www.egemtv.com\/index.php?rest_route=\/wp\/v2\/posts"}],"about":[{"href":"https:\/\/www.egemtv.com\/index.php?rest_route=\/wp\/v2\/types\/post"}],"author":[{"embeddable":true,"href":"https:\/\/www.egemtv.com\/index.php?rest_route=\/wp\/v2\/users\/1"}],"replies":[{"embeddable":true,"href":"https:\/\/www.egemtv.com\/index.php?rest_route=%2Fwp%2Fv2%2Fcomments&post=38292"}],"version-history":[{"count":1,"href":"https:\/\/www.egemtv.com\/index.php?rest_route=\/wp\/v2\/posts\/38292\/revisions"}],"predecessor-version":[{"id":38294,"href":"https:\/\/www.egemtv.com\/index.php?rest_route=\/wp\/v2\/posts\/38292\/revisions\/38294"}],"wp:featuredmedia":[{"embeddable":true,"href":"https:\/\/www.egemtv.com\/index.php?rest_route=\/wp\/v2\/media\/38293"}],"wp:attachment":[{"href":"https:\/\/www.egemtv.com\/index.php?rest_route=%2Fwp%2Fv2%2Fmedia&parent=38292"}],"wp:term":[{"taxonomy":"category","embeddable":true,"href":"https:\/\/www.egemtv.com\/index.php?rest_route=%2Fwp%2Fv2%2Fcategories&post=38292"},{"taxonomy":"post_tag","embeddable":true,"href":"https:\/\/www.egemtv.com\/index.php?rest_route=%2Fwp%2Fv2%2Ftags&post=38292"}],"curies":[{"name":"wp","href":"https:\/\/api.w.org\/{rel}","templated":true}]}}