{"id":38265,"date":"2025-06-27T16:56:35","date_gmt":"2025-06-27T13:56:35","guid":{"rendered":"https:\/\/www.egemtv.com\/?p=38265"},"modified":"2025-06-27T16:56:42","modified_gmt":"2025-06-27T13:56:42","slug":"manisadaki-yukumluler-yaz-doneminde-okullari-boyayacak","status":"publish","type":"post","link":"https:\/\/www.egemtv.com\/?p=38265","title":{"rendered":"Manisa\u2019daki y\u00fck\u00fcml\u00fcler yaz d\u00f6neminde okullar\u0131 boyayacak"},"content":{"rendered":"<p>Manisa\u2019da yaz tatilinde denetimli serbestlik tedbiri alt\u0131ndaki y\u00fck\u00fcml\u00fclerin, okullar\u0131n boya, badana ve tadilat \u00e7al\u0131\u015fmalar\u0131na destek verece\u011fi bildirildi.<br \/>\n<br \/>Manisa Cumhuriyet Ba\u015fsavc\u0131l\u0131\u011f\u0131 taraf\u0131ndan Denetimli Serbestlik M\u00fcd\u00fcrl\u00fc\u011f\u00fc koordinesinde d\u00fczenlenen Koruma Kurulu Toplant\u0131s\u0131, ilgili kamu kurumlar\u0131, sivil toplum kurulu\u015flar\u0131 ve kurul \u00fcyelerinin kat\u0131l\u0131m\u0131yla Manisa Celal Bayar \u00dcniversitesi toplant\u0131 salonunda ger\u00e7ekle\u015ftirildi.<br \/>\n<br \/>Koruma Kurulu toplant\u0131s\u0131nda, denetimli serbestlik tedbiri alt\u0131nda bulunan y\u00fck\u00fcml\u00fclerin topluma kazand\u0131r\u0131lmas\u0131, istihdamlar\u0131n\u0131n art\u0131r\u0131lmas\u0131, mesleki becerilerinin geli\u015ftirilmesi ve sosyal uyumlar\u0131n\u0131n sa\u011flanmas\u0131na y\u00f6nelik projeler ele al\u0131nd\u0131. \u00d6nceki d\u00f6neme ili\u015fkin faaliyetler de\u011ferlendirildi ve yeni d\u00f6neme ili\u015fkin eylem plan\u0131 olu\u015fturuldu.<\/p>\n<p>Ba\u015fsavc\u0131 Karaca\u2019dan i\u015f birli\u011fi vurgusu<br \/>\n<br \/>Toplant\u0131n\u0131n a\u00e7\u0131l\u0131\u015f konu\u015fmas\u0131n\u0131 yapan Manisa Cumhuriyet Ba\u015fsavc\u0131 Vekili Kenan Karaca, koruma kurulunun y\u00fck\u00fcml\u00fclere y\u00f6nelik destekleyici ve y\u00f6nlendirici \u00e7al\u0131\u015fmalar\u0131n\u0131n \u00f6nemine dikkat \u00e7ekerek, kamu kurumlar\u0131 ile sivil toplum i\u015f birli\u011finin bu s\u00fcre\u00e7te belirleyici bir rol oynad\u0131\u011f\u0131n\u0131 ifade etti.<\/p>\n<p>Yaz d\u00f6neminde okullarda boya ve tadilat \u00e7al\u0131\u015fmalar\u0131<br \/>\n<br \/>Denetimli Serbestlik M\u00fcd\u00fcrl\u00fc\u011f\u00fc taraf\u0131ndan yap\u0131lan a\u00e7\u0131klamada, yaz tatilinde denetimli serbestlik tedbiri alt\u0131ndaki y\u00fck\u00fcml\u00fclerin, okullar\u0131n boya, badana ve tadilat \u00e7al\u0131\u015fmalar\u0131na destek verece\u011fi bildirildi. Bu kapsamda, Boya Badana Geli\u015ftirme ve Uyum E\u011fitimi kursu a\u00e7\u0131larak y\u00fck\u00fcml\u00fclerin meslek sahibi olmalar\u0131n\u0131n sa\u011flanaca\u011f\u0131 ifade edildi. \u00c7al\u0131\u015fmalarla birlikte, okul binalar\u0131n\u0131n yeni e\u011fitim \u00f6\u011fretim y\u0131l\u0131na temiz, d\u00fczenli ve sa\u011fl\u0131kl\u0131 bir \u015fekilde haz\u0131rlanmas\u0131 hedefleniyor.<br \/>\n<br \/>Y\u00fck\u00fcml\u00fclerin belirlenen okullarda ger\u00e7ekle\u015ftirece\u011fi boya ve tadilat \u00e7al\u0131\u015fmalar\u0131yla hem topluma katk\u0131 sunacaklar\u0131 hem de mesleki becerilerini geli\u015ftirme imkan\u0131 bulacaklar\u0131 belirtildi.<\/p>\n<p>Mesleki e\u011fitim ve sosyal sorumluluk projeleri geni\u015fletilecek<br \/>\n<br \/>Toplant\u0131da al\u0131nan kararlar do\u011frultusunda, y\u00fck\u00fcml\u00fclere y\u00f6nelik mesleki e\u011fitim kurslar\u0131, sosyal sorumluluk projeleri ve psikososyal destek programlar\u0131n\u0131n art\u0131r\u0131lmas\u0131na karar verildi. Manisa Cumhuriyet Ba\u015fsavc\u0131l\u0131\u011f\u0131 Koruma Kurulu\u2019nun, yeniden su\u00e7 i\u015flemenin \u00f6nlenmesi ve toplumsal sorumlulu\u011fun g\u00fc\u00e7lendirilmesi amac\u0131yla \u00e7al\u0131\u015fmalar\u0131na kararl\u0131l\u0131kla devam edece\u011fi vurguland\u0131.<br \/><\/p>\n","protected":false},"excerpt":{"rendered":"<p>Manisa\u2019da yaz tatilinde denetimli serbestlik tedbiri alt\u0131ndaki y\u00fck\u00fcml\u00fclerin, okullar\u0131n boya, badana ve tadilat \u00e7al\u0131\u015fmalar\u0131na destek verece\u011fi bildirildi. Manisa Cumhuriyet Ba\u015fsavc\u0131l\u0131\u011f\u0131 taraf\u0131ndan Denetimli Serbestlik M\u00fcd\u00fcrl\u00fc\u011f\u00fc koordinesinde d\u00fczenlenen Koruma Kurulu Toplant\u0131s\u0131, ilgili kamu kurumlar\u0131, sivil toplum kurulu\u015flar\u0131 ve kurul \u00fcyelerinin kat\u0131l\u0131m\u0131yla Manisa Celal Bayar \u00dcniversitesi toplant\u0131 salonunda ger\u00e7ekle\u015ftirildi. Koruma Kurulu toplant\u0131s\u0131nda, denetimli serbestlik tedbiri alt\u0131nda bulunan y\u00fck\u00fcml\u00fclerin&#8230;<\/p>\n","protected":false},"author":1,"featured_media":38266,"comment_status":"open","ping_status":"open","sticky":false,"template":"","format":"standard","meta":{"_crdt_document":"","footnotes":""},"categories":[123],"tags":[],"class_list":["post-38265","post","type-post","status-publish","format-standard","has-post-thumbnail","hentry","category-gundem"],"_links":{"self":[{"href":"https:\/\/www.egemtv.com\/index.php?rest_route=\/wp\/v2\/posts\/38265","targetHints":{"allow":["GET"]}}],"collection":[{"href":"https:\/\/www.egemtv.com\/index.php?rest_route=\/wp\/v2\/posts"}],"about":[{"href":"https:\/\/www.egemtv.com\/index.php?rest_route=\/wp\/v2\/types\/post"}],"author":[{"embeddable":true,"href":"https:\/\/www.egemtv.com\/index.php?rest_route=\/wp\/v2\/users\/1"}],"replies":[{"embeddable":true,"href":"https:\/\/www.egemtv.com\/index.php?rest_route=%2Fwp%2Fv2%2Fcomments&post=38265"}],"version-history":[{"count":1,"href":"https:\/\/www.egemtv.com\/index.php?rest_route=\/wp\/v2\/posts\/38265\/revisions"}],"predecessor-version":[{"id":38267,"href":"https:\/\/www.egemtv.com\/index.php?rest_route=\/wp\/v2\/posts\/38265\/revisions\/38267"}],"wp:featuredmedia":[{"embeddable":true,"href":"https:\/\/www.egemtv.com\/index.php?rest_route=\/wp\/v2\/media\/38266"}],"wp:attachment":[{"href":"https:\/\/www.egemtv.com\/index.php?rest_route=%2Fwp%2Fv2%2Fmedia&parent=38265"}],"wp:term":[{"taxonomy":"category","embeddable":true,"href":"https:\/\/www.egemtv.com\/index.php?rest_route=%2Fwp%2Fv2%2Fcategories&post=38265"},{"taxonomy":"post_tag","embeddable":true,"href":"https:\/\/www.egemtv.com\/index.php?rest_route=%2Fwp%2Fv2%2Ftags&post=38265"}],"curies":[{"name":"wp","href":"https:\/\/api.w.org\/{rel}","templated":true}]}}