{"id":38262,"date":"2025-06-27T16:56:30","date_gmt":"2025-06-27T13:56:30","guid":{"rendered":"https:\/\/www.egemtv.com\/?p=38262"},"modified":"2025-06-27T16:56:35","modified_gmt":"2025-06-27T13:56:35","slug":"kopan-vanadan-sular-bosa-akti","status":"publish","type":"post","link":"https:\/\/www.egemtv.com\/?p=38262","title":{"rendered":"Kopan vanadan sular bo\u015fa akt\u0131"},"content":{"rendered":"<p>Denizli\u2019nin Honaz il\u00e7esinde \u00e7arpt\u0131\u011f\u0131 sulama suyu vanas\u0131n\u0131n kopmas\u0131na neden olan ticari ara\u00e7 s\u00fcr\u00fcc\u00fcs\u00fc olay yerinden ka\u00e7t\u0131. Bo\u015fa akan suyu f\u0131rsat bilen baz\u0131 s\u00fcr\u00fcc\u00fcler, ara\u00e7lar\u0131n\u0131 y\u0131kad\u0131.<\/p>\n<p>Olay, \u00f6\u011fle saatlerinde Honaz merkez Cumhuriyet Mahallesi Osman Nuri Filiz Caddesinde meydana geldi. Edinilen bilgiye g\u00f6re; plakas\u0131 belirlenemeyen hafif ticari ara\u00e7, cadde \u00fczerinde seyir halindeyken, toplu konutlar mevkiine geldi\u011finde, hen\u00fcz belirlenmeyen bir nedenle kontrolden \u00e7\u0131karak yolun kenar\u0131ndaki DESK\u0130 Genel M\u00fcd\u00fcrl\u00fc\u011f\u00fc sorumlulu\u011fundaki sulama suyu vanas\u0131na \u00e7arpt\u0131.<\/p>\n<p>\u00c7arpman\u0131n \u015fiddetiyle kopan vanan\u0131n olu\u015fturdu\u011fu bo\u015fluktan, sular bo\u015fa akmaya ba\u015flad\u0131. Yakla\u015f\u0131k 1 metre y\u00fcksekli\u011fe f\u0131\u015fk\u0131ran sular, cadde boyunca k\u00fc\u00e7\u00fck \u00e7apl\u0131 birikintiler olu\u015fturdu. Kazay\u0131 g\u00f6ren \u00e7evre esnaflar, durumu belediye ekiplerine haber verdi. Ekipler gelinceye kadar havaya f\u0131\u015fk\u0131r\u0131p bo\u015fa akan sular\u0131 f\u0131rsata \u00e7eviren baz\u0131 s\u00fcr\u00fcc\u00fcler, ara\u00e7lar\u0131n\u0131 y\u0131kad\u0131. Olay yerine gelen belediye ekipleri, su ak\u0131\u015f\u0131n\u0131 keserek daha fazla suyun bo\u015fa ak\u0131p gitmesini engelledi.<\/p>\n<p>Kazan\u0131n ard\u0131ndan jant kapa\u011f\u0131n\u0131 olay yerinde b\u0131rakarak uzakla\u015fan s\u00fcr\u00fcc\u00fcn\u00fcn, daha sonra yetkililerle ileti\u015fime ge\u00e7ti\u011fi ve olu\u015fan hasar\u0131 kar\u015f\u0131lamay\u0131 kabul etti\u011fi \u00f6\u011frenildi. K\u0131r\u0131lan vanan\u0131n, yenisiyle de\u011fi\u015ftirilece\u011fi \u00f6\u011frenildi.<br \/><\/p>\n","protected":false},"excerpt":{"rendered":"<p>Denizli\u2019nin Honaz il\u00e7esinde \u00e7arpt\u0131\u011f\u0131 sulama suyu vanas\u0131n\u0131n kopmas\u0131na neden olan ticari ara\u00e7 s\u00fcr\u00fcc\u00fcs\u00fc olay yerinden ka\u00e7t\u0131. Bo\u015fa akan suyu f\u0131rsat bilen baz\u0131 s\u00fcr\u00fcc\u00fcler, ara\u00e7lar\u0131n\u0131 y\u0131kad\u0131. Olay, \u00f6\u011fle saatlerinde Honaz merkez Cumhuriyet Mahallesi Osman Nuri Filiz Caddesinde meydana geldi. Edinilen bilgiye g\u00f6re; plakas\u0131 belirlenemeyen hafif ticari ara\u00e7, cadde \u00fczerinde seyir halindeyken, toplu konutlar mevkiine geldi\u011finde, hen\u00fcz&#8230;<\/p>\n","protected":false},"author":1,"featured_media":38263,"comment_status":"open","ping_status":"open","sticky":false,"template":"","format":"standard","meta":{"_crdt_document":"","footnotes":""},"categories":[1],"tags":[],"class_list":["post-38262","post","type-post","status-publish","format-standard","has-post-thumbnail","hentry","category-guncel"],"_links":{"self":[{"href":"https:\/\/www.egemtv.com\/index.php?rest_route=\/wp\/v2\/posts\/38262","targetHints":{"allow":["GET"]}}],"collection":[{"href":"https:\/\/www.egemtv.com\/index.php?rest_route=\/wp\/v2\/posts"}],"about":[{"href":"https:\/\/www.egemtv.com\/index.php?rest_route=\/wp\/v2\/types\/post"}],"author":[{"embeddable":true,"href":"https:\/\/www.egemtv.com\/index.php?rest_route=\/wp\/v2\/users\/1"}],"replies":[{"embeddable":true,"href":"https:\/\/www.egemtv.com\/index.php?rest_route=%2Fwp%2Fv2%2Fcomments&post=38262"}],"version-history":[{"count":1,"href":"https:\/\/www.egemtv.com\/index.php?rest_route=\/wp\/v2\/posts\/38262\/revisions"}],"predecessor-version":[{"id":38264,"href":"https:\/\/www.egemtv.com\/index.php?rest_route=\/wp\/v2\/posts\/38262\/revisions\/38264"}],"wp:featuredmedia":[{"embeddable":true,"href":"https:\/\/www.egemtv.com\/index.php?rest_route=\/wp\/v2\/media\/38263"}],"wp:attachment":[{"href":"https:\/\/www.egemtv.com\/index.php?rest_route=%2Fwp%2Fv2%2Fmedia&parent=38262"}],"wp:term":[{"taxonomy":"category","embeddable":true,"href":"https:\/\/www.egemtv.com\/index.php?rest_route=%2Fwp%2Fv2%2Fcategories&post=38262"},{"taxonomy":"post_tag","embeddable":true,"href":"https:\/\/www.egemtv.com\/index.php?rest_route=%2Fwp%2Fv2%2Ftags&post=38262"}],"curies":[{"name":"wp","href":"https:\/\/api.w.org\/{rel}","templated":true}]}}