{"id":38259,"date":"2025-06-27T16:56:26","date_gmt":"2025-06-27T13:56:26","guid":{"rendered":"https:\/\/www.egemtv.com\/?p=38259"},"modified":"2025-06-27T16:56:30","modified_gmt":"2025-06-27T13:56:30","slug":"bornovadaki-yangin-buyudu-8-ucak-ve-17-helikopterle-mudahale-suruyor","status":"publish","type":"post","link":"https:\/\/www.egemtv.com\/?p=38259","title":{"rendered":"Bornova\u2019daki yang\u0131n b\u00fcy\u00fcd\u00fc; 8 u\u00e7ak ve 17 helikopterle m\u00fcdahale s\u00fcr\u00fcyor"},"content":{"rendered":"<p>\u0130zmir\u2019in Bornova il\u00e7esinde ziraat arazisinde ba\u015flayan daha sonra ormanl\u0131k alana s\u0131\u00e7rayan yang\u0131n r\u00fczgar\u0131n etkisiyle b\u00fcy\u00fcd\u00fc. Alevlerin kontrol alt\u0131na al\u0131nabilmesi i\u00e7in yap\u0131lan takviyelerle birlikte 8 u\u00e7ak ve 17 helikopterle havadan m\u00fcdahale s\u00fcr\u00fcyor.<br \/>\n<br \/>Yang\u0131n, saat 14.20 s\u0131ralar\u0131nda Bornova il\u00e7esi Yakak\u00f6y Mahallesi\u2019nde meydana geldi. Ziraat arazisinde ortaya \u00e7\u0131kan alevler, r\u00fczgar\u0131n etkisiyle k\u0131sa s\u00fcrede yay\u0131ld\u0131 ve ormanl\u0131k alana s\u0131\u00e7rad\u0131. B\u00f6lgeye \u0130zmir Orman B\u00f6lge M\u00fcd\u00fcrl\u00fc\u011f\u00fc\u2019ne ba\u011fl\u0131 2 u\u00e7ak ve 9 helikopter ile araz\u00f6zler y\u00f6nlendirildi. Alevlerin daha geni\u015f alana yay\u0131lmas\u0131 sonucu, b\u00f6lgeye takviye s\u00f6nd\u00fcrme ara\u00e7lar\u0131 sevk edildi. U\u00e7ak say\u0131s\u0131 8\u2019e ve helikopter say\u0131s\u0131 da 17\u2019e \u00e7\u0131kar\u0131ld\u0131. Ayn\u0131 zamanda 22 araz\u00f6z, 7 su ikmal ve 5 dozerle yang\u0131na m\u00fcdahale s\u00fcr\u00fcyor.<br \/><\/p>\n","protected":false},"excerpt":{"rendered":"<p>\u0130zmir\u2019in Bornova il\u00e7esinde ziraat arazisinde ba\u015flayan daha sonra ormanl\u0131k alana s\u0131\u00e7rayan yang\u0131n r\u00fczgar\u0131n etkisiyle b\u00fcy\u00fcd\u00fc. Alevlerin kontrol alt\u0131na al\u0131nabilmesi i\u00e7in yap\u0131lan takviyelerle birlikte 8 u\u00e7ak ve 17 helikopterle havadan m\u00fcdahale s\u00fcr\u00fcyor. Yang\u0131n, saat 14.20 s\u0131ralar\u0131nda Bornova il\u00e7esi Yakak\u00f6y Mahallesi\u2019nde meydana geldi. Ziraat arazisinde ortaya \u00e7\u0131kan alevler, r\u00fczgar\u0131n etkisiyle k\u0131sa s\u00fcrede yay\u0131ld\u0131 ve ormanl\u0131k alana s\u0131\u00e7rad\u0131&#8230;.<\/p>\n","protected":false},"author":1,"featured_media":38260,"comment_status":"open","ping_status":"open","sticky":false,"template":"","format":"standard","meta":{"_crdt_document":"","footnotes":""},"categories":[5],"tags":[],"class_list":["post-38259","post","type-post","status-publish","format-standard","has-post-thumbnail","hentry","category-asayis"],"_links":{"self":[{"href":"https:\/\/www.egemtv.com\/index.php?rest_route=\/wp\/v2\/posts\/38259","targetHints":{"allow":["GET"]}}],"collection":[{"href":"https:\/\/www.egemtv.com\/index.php?rest_route=\/wp\/v2\/posts"}],"about":[{"href":"https:\/\/www.egemtv.com\/index.php?rest_route=\/wp\/v2\/types\/post"}],"author":[{"embeddable":true,"href":"https:\/\/www.egemtv.com\/index.php?rest_route=\/wp\/v2\/users\/1"}],"replies":[{"embeddable":true,"href":"https:\/\/www.egemtv.com\/index.php?rest_route=%2Fwp%2Fv2%2Fcomments&post=38259"}],"version-history":[{"count":1,"href":"https:\/\/www.egemtv.com\/index.php?rest_route=\/wp\/v2\/posts\/38259\/revisions"}],"predecessor-version":[{"id":38261,"href":"https:\/\/www.egemtv.com\/index.php?rest_route=\/wp\/v2\/posts\/38259\/revisions\/38261"}],"wp:featuredmedia":[{"embeddable":true,"href":"https:\/\/www.egemtv.com\/index.php?rest_route=\/wp\/v2\/media\/38260"}],"wp:attachment":[{"href":"https:\/\/www.egemtv.com\/index.php?rest_route=%2Fwp%2Fv2%2Fmedia&parent=38259"}],"wp:term":[{"taxonomy":"category","embeddable":true,"href":"https:\/\/www.egemtv.com\/index.php?rest_route=%2Fwp%2Fv2%2Fcategories&post=38259"},{"taxonomy":"post_tag","embeddable":true,"href":"https:\/\/www.egemtv.com\/index.php?rest_route=%2Fwp%2Fv2%2Ftags&post=38259"}],"curies":[{"name":"wp","href":"https:\/\/api.w.org\/{rel}","templated":true}]}}