{"id":38256,"date":"2025-06-27T16:36:46","date_gmt":"2025-06-27T13:36:46","guid":{"rendered":"https:\/\/www.egemtv.com\/?p=38256"},"modified":"2025-06-27T16:36:54","modified_gmt":"2025-06-27T13:36:54","slug":"muglanin-dugun-yemekleri-uluslararasi-boyuta-tasiniyor","status":"publish","type":"post","link":"https:\/\/www.egemtv.com\/?p=38256","title":{"rendered":"Mu\u011fla\u2019n\u0131n d\u00fc\u011f\u00fcn yemekleri uluslararas\u0131 boyuta ta\u015f\u0131n\u0131yor"},"content":{"rendered":"<p>Mu\u011fla k\u00fclt\u00fcr\u00fcn\u00fc en iyi yans\u0131tan unsurlardan olan d\u00fc\u011f\u00fcn yemekleri, Mu\u011fla B\u00fcy\u00fck\u015fehir Belediyesi\u2019nin organizasyonuyla bu y\u0131l d\u00f6rd\u00fcnc\u00fc kez d\u00fczenlenecek Geleneksel Uluslararas\u0131 Mu\u011fla D\u00fc\u011f\u00fcn Yemekleri Festivali ile d\u00fcnyaya tan\u0131t\u0131lacak.<br \/>\n<br \/>28-29 Haziran tarihlerinde ger\u00e7ekle\u015fecek olan 4. Geleneksel Uluslararas\u0131 Mu\u011fla D\u00fc\u011f\u00fcn Yemekleri Festivali; Mu\u011fla Valili\u011fi, Mu\u011fla B\u00fcy\u00fck\u015fehir Belediyesi, Mente\u015fe Kaymakaml\u0131\u011f\u0131, Mente\u015fe Belediyesi, Mu\u011fla Ticaret ve Sanayi Odas\u0131 (MUTSO) ile Mu\u011fla Ticaret Borsas\u0131 destekleriyle, Slow Food Mu\u011fla Toplulu\u011fu taraf\u0131ndan organize edilecek. Festival; tarihi Arasta, Kur\u015funlu Camii Meydan\u0131, Ya\u011fc\u0131lar Han\u0131 ve Zahire Pazar\u0131 gibi Mu\u011fla\u2019n\u0131n k\u00fclt\u00fcrel dokusunu yans\u0131tan alanlarda ger\u00e7ekle\u015ftirilecek.<br \/>\n<br \/>D\u00fc\u011f\u00fcn sofralar\u0131n\u0131n g\u00f6rkemi Uluslararas\u0131 Ppatformda yer alacak<br \/>\n<br \/>Mu\u011fla\u2019n\u0131n d\u00fc\u011f\u00fcn yemekleri, k\u00f6kl\u00fc geleneklerinin ya\u015fayan en lezzetli miraslar\u0131ndan biri olarak kabul ediliyor. Ge\u00e7mi\u015fte \u00fc\u00e7 g\u00fcn s\u00fcren d\u00fc\u011f\u00fcnler, k\u0131na geceleri, damat alaylar\u0131, ortas\u0131na alt\u0131n konulan me\u015fhur Mu\u011fla Sarayl\u0131s\u0131 Tatl\u0131s\u0131, k\u0131z evinin \u00e7eyiz sergilemeleri gibi geleneklerle \u015fekillenen bu k\u00fclt\u00fcr, zamanla de\u011fi\u015fime u\u011frasa da d\u00fc\u011f\u00fcn sofralar\u0131n\u0131n g\u00f6rkemi g\u00fcn\u00fcm\u00fcze dek ula\u015fmay\u0131 ba\u015fard\u0131. Bu miras\u0131 ya\u015fatmak ve uluslararas\u0131 platformlara ta\u015f\u0131mak amac\u0131yla bu y\u0131l festival, ilk kez uluslararas\u0131 kat\u0131l\u0131mla d\u00fczenlenecek.<br \/>\n<br \/>Bir\u00e7ok \u00fclkeden a\u015f\u00e7\u0131lar Mu\u011fla\u2019da bulu\u015facak<br \/>\n<br \/>Festival kapsam\u0131nda, Slow Food International A\u015f\u00e7\u0131 Dayan\u0131\u015fmas\u0131 Yunanistan grubundan Chrysanthi Tsekme ve Georgios Volanakis, Slow Food T\u00fcrkiye A\u015f\u00e7\u0131 Dayan\u0131\u015fmas\u0131\u2019ndan Sefa Birinci ve Ali Ronay, Mavi Fethiye Profesyonel A\u015f\u00e7\u0131lar Derne\u011fi Ba\u015fkan\u0131 \u015eef Onur Arslan ile Almanya\u2019n\u0131n Sindelfingen kentinden \u015eef Yusuf Aslan Almanya\u2019ya \u00f6zg\u00fc tatlar sunacak. Rodos\u2019tan Stergakis Georgios Michail, Zervou Chrysafina ve Paraskeva Anastasia Michalia ise Rodos mutfa\u011f\u0131na ait geleneksel lezzetlerle kat\u0131l\u0131mc\u0131lar\u0131n damaklar\u0131na hitap edecek.<br \/>\n<br \/>Ge\u00e7mi\u015f zaman \u00e2detleri ile festival renklenecek<br \/>\n<br \/>Etkinlikler kapsam\u0131nda yemek workshoplar\u0131, kapma yar\u0131\u015fmas\u0131, \u00e7ocuk tiyatrosu, ke\u015fkek partisi, damat evi, k\u0131z evi, kortej y\u00fcr\u00fcy\u00fc\u015f\u00fc ve dans g\u00f6sterileri yer alacak. Festivalin finali ise sevilen sanat\u00e7\u0131 Ege\u2019nin verece\u011fi konserle ta\u00e7lanacak. Rodos M\u00fcsl\u00fcmanlar\u0131 K\u00fclt\u00fcr E\u011fitim ve Karde\u015flik Derne\u011fi folklor ekibi de festivalde y\u00f6resel halk oyunlar\u0131n\u0131 sergileyecek.<br \/>\n<br \/>Ba\u015fkan Aras, &#8220;Bu Festival \u0130le Yemeklerin Etraf\u0131nda \u015eekillenen Bir Ya\u015fam K\u00fclt\u00fcr\u00fcn\u00fc Payla\u015faca\u011f\u0131z&#8221;<br \/>\n<br \/>K\u0131y\u0131 Ege Belediyeler Birli\u011fi ve Mu\u011fla B\u00fcy\u00fck\u015fehir Belediye Ba\u015fkan\u0131 Ahmet Aras festival \u00f6ncesinde yapt\u0131\u011f\u0131 a\u00e7\u0131klamada \u015fu ifadeleri kulland\u0131: &#8220;Mu\u011fla\u2019n\u0131n k\u00f6kl\u00fc k\u00fclt\u00fcr\u00fcn\u00fcn en \u00f6zel yans\u0131malar\u0131ndan biri olan d\u00fc\u011f\u00fcn yemekleri, sadece bir sofra gelene\u011fi de\u011fil; birlikteli\u011fin, payla\u015fman\u0131n ve dayan\u0131\u015fman\u0131n simgesidir. Ge\u00e7mi\u015fte k\u00f6y meydanlar\u0131nda kazanlarla kaynayan bu yemekler, Mu\u011fla halk\u0131n\u0131n misafirperverli\u011fini ve toplumsal ruhunu bug\u00fcne ta\u015f\u0131maktad\u0131r. Bug\u00fcn burada sadece yemekleri de\u011fil, ayn\u0131 zamanda bu yemeklerin etraf\u0131nda \u015fekillenen bir ya\u015fam k\u00fclt\u00fcr\u00fcn\u00fc anlat\u0131yoruz. Bu festivali uluslararas\u0131 boyuta ta\u015f\u0131yarak hem kendi de\u011ferlerimizi d\u00fcnyayla payla\u015fmak hem de benzer k\u00fclt\u00fcrlerle bulu\u015fturmak istedik. Mu\u011fla\u2019n\u0131n zenginli\u011fini, \u00e7ok seslili\u011fini ve ho\u015fg\u00f6r\u00fcs\u00fcn\u00fc bu sofralar arac\u0131l\u0131\u011f\u0131yla herkese g\u00f6stermekten b\u00fcy\u00fck mutluluk duyuyorum&#8221; dedi.<br \/><\/p>\n","protected":false},"excerpt":{"rendered":"<p>Mu\u011fla k\u00fclt\u00fcr\u00fcn\u00fc en iyi yans\u0131tan unsurlardan olan d\u00fc\u011f\u00fcn yemekleri, Mu\u011fla B\u00fcy\u00fck\u015fehir Belediyesi\u2019nin organizasyonuyla bu y\u0131l d\u00f6rd\u00fcnc\u00fc kez d\u00fczenlenecek Geleneksel Uluslararas\u0131 Mu\u011fla D\u00fc\u011f\u00fcn Yemekleri Festivali ile d\u00fcnyaya tan\u0131t\u0131lacak. 28-29 Haziran tarihlerinde ger\u00e7ekle\u015fecek olan 4. Geleneksel Uluslararas\u0131 Mu\u011fla D\u00fc\u011f\u00fcn Yemekleri Festivali; Mu\u011fla Valili\u011fi, Mu\u011fla B\u00fcy\u00fck\u015fehir Belediyesi, Mente\u015fe Kaymakaml\u0131\u011f\u0131, Mente\u015fe Belediyesi, Mu\u011fla Ticaret ve Sanayi Odas\u0131 (MUTSO) ile&#8230;<\/p>\n","protected":false},"author":1,"featured_media":38257,"comment_status":"open","ping_status":"open","sticky":false,"template":"","format":"standard","meta":{"_crdt_document":"","footnotes":""},"categories":[1],"tags":[],"class_list":["post-38256","post","type-post","status-publish","format-standard","has-post-thumbnail","hentry","category-guncel"],"_links":{"self":[{"href":"https:\/\/www.egemtv.com\/index.php?rest_route=\/wp\/v2\/posts\/38256","targetHints":{"allow":["GET"]}}],"collection":[{"href":"https:\/\/www.egemtv.com\/index.php?rest_route=\/wp\/v2\/posts"}],"about":[{"href":"https:\/\/www.egemtv.com\/index.php?rest_route=\/wp\/v2\/types\/post"}],"author":[{"embeddable":true,"href":"https:\/\/www.egemtv.com\/index.php?rest_route=\/wp\/v2\/users\/1"}],"replies":[{"embeddable":true,"href":"https:\/\/www.egemtv.com\/index.php?rest_route=%2Fwp%2Fv2%2Fcomments&post=38256"}],"version-history":[{"count":1,"href":"https:\/\/www.egemtv.com\/index.php?rest_route=\/wp\/v2\/posts\/38256\/revisions"}],"predecessor-version":[{"id":38258,"href":"https:\/\/www.egemtv.com\/index.php?rest_route=\/wp\/v2\/posts\/38256\/revisions\/38258"}],"wp:featuredmedia":[{"embeddable":true,"href":"https:\/\/www.egemtv.com\/index.php?rest_route=\/wp\/v2\/media\/38257"}],"wp:attachment":[{"href":"https:\/\/www.egemtv.com\/index.php?rest_route=%2Fwp%2Fv2%2Fmedia&parent=38256"}],"wp:term":[{"taxonomy":"category","embeddable":true,"href":"https:\/\/www.egemtv.com\/index.php?rest_route=%2Fwp%2Fv2%2Fcategories&post=38256"},{"taxonomy":"post_tag","embeddable":true,"href":"https:\/\/www.egemtv.com\/index.php?rest_route=%2Fwp%2Fv2%2Ftags&post=38256"}],"curies":[{"name":"wp","href":"https:\/\/api.w.org\/{rel}","templated":true}]}}