{"id":38253,"date":"2025-06-27T16:36:40","date_gmt":"2025-06-27T13:36:40","guid":{"rendered":"https:\/\/www.egemtv.com\/?p=38253"},"modified":"2025-06-27T16:36:46","modified_gmt":"2025-06-27T13:36:46","slug":"didim-belediyesi-ruhsatsiz-oteli-muhurledi","status":"publish","type":"post","link":"https:\/\/www.egemtv.com\/?p=38253","title":{"rendered":"Didim Belediyesi ruhsats\u0131z oteli m\u00fch\u00fcrledi"},"content":{"rendered":"<p>T\u00fcrkiye\u2019nin g\u00f6zde turizm kentleri aras\u0131nda yer alan Didim\u2019de yaz sezonunun ba\u015flamas\u0131 ile ka\u00e7ak ve izinsiz imalat yapmas\u0131 nedeniyle m\u00fch\u00fcrlenen ve bu sebeple i\u015fyeri a\u00e7ma ruhsat\u0131 iptal edilen, ruhsats\u0131z olarak faaliyet g\u00f6steren otel, Didim Belediyesi ekiplerince m\u00fch\u00fcrlendi.<\/p>\n<p>Alt\u0131nkum Mahallesi\u2019nde ge\u00e7erli bir \u00e7al\u0131\u015fma ruhsat\u0131 olmay\u0131p, bina \u00e7at\u0131 \u00f6rt\u00fcs\u00fcn\u00fcn kald\u0131r\u0131l\u0131p betonarme tabliye yap\u0131larak ka\u00e7ak bir kat yap\u0131ld\u0131\u011f\u0131, yap\u0131lan ka\u00e7ak kat\u0131n \u00fczerine \u00e7at\u0131 imalat\u0131 ve betonarme asans\u00f6r kovas\u0131 imalat\u0131 yap\u0131ld\u0131\u011f\u0131 tespit edilmi\u015f olup; misafirlerinin can ve mal g\u00fcvenli\u011fini tehdit eden, yang\u0131n tedbirlerine kar\u015f\u0131 eksiklikleri bulunan ve daha \u00f6nceden m\u00fch\u00fcrlenmesine ra\u011fmen m\u00fc\u015fteri kabul eden bir otel Zab\u0131ta M\u00fcd\u00fcrl\u00fc\u011f\u00fc ekiplerince tekrar m\u00fch\u00fcrlenerek faaliyetlerinden men edildi. M\u00fch\u00fcrleme i\u015flemi s\u0131ras\u0131nda, emniyet personelleri ve zab\u0131ta personelleri ile oteldeki odalar\u0131 kontrol ederek m\u00fc\u015fterileri bir tehlikede zarar g\u00f6rmemeleri i\u00e7in tahliye etti.<\/p>\n<p>M\u00fch\u00fcrleme i\u015fleminin ard\u0131ndan konu\u015fan Didim Belediye Ba\u015fkan\u0131 Hatice Gen\u00e7ay, &#8220;Turizm sezonun a\u00e7\u0131lmas\u0131 ile birlikte il\u00e7emize gelen vatanda\u015flar\u0131n daha iyi ve g\u00fcvenli \u015fartlarda tatil yapmalar\u0131 i\u00e7in \u00e7al\u0131\u015f\u0131yoruz. Ge\u00e7ti\u011fimiz zamanlarda ka\u00e7ak imalatlar\u0131 nedeniyle m\u00fch\u00fcrlenip, \u00e7al\u0131\u015fma ruhsat\u0131 iptal edilen ve bu sebeplerle m\u00fch\u00fcrlenen otel, otel yetkilileri taraf\u0131ndan yasaya ayk\u0131r\u0131 bir \u015fekilde, misafirlerinin can ve mal g\u00fcvenli\u011fi hi\u00e7e say\u0131larak m\u00fchr\u00fcn kopart\u0131larak m\u00fc\u015fteri kabul etti\u011fini tespit ettik. Zab\u0131ta ekiplerimiz \u00e7al\u0131\u015fma ruhsat\u0131 olmamas\u0131, misafirlerinin mal ve can g\u00fcvenli\u011fini tehlikeye d\u00fc\u015f\u00fcrmesi ve hatta yang\u0131n tedbirlerine almayan, eksiklikleri bulunan oteli yeniden m\u00fch\u00fcrledi. Misafirlerimizi hayatlar\u0131n\u0131 tehlikeye atacak \u00f6nlemlerin al\u0131nmad\u0131\u011f\u0131 otellere ge\u00e7it vermeyece\u011fiz. \u0130ddia edilenin aksine, otelin i\u015fyeri a\u00e7ma ve \u00e7al\u0131\u015fma ruhsat\u0131n\u0131n iptali hakk\u0131nda herhangi bir y\u00fcr\u00fctmeyi durdurma karar\u0131 bulunmamaktad\u0131r. Her zaman hukuka uygun hareket eden Belediyemiz, bu konuda da gerekli hassasiyeti g\u00f6stermektedir&#8221; dedi.<br \/><\/p>\n","protected":false},"excerpt":{"rendered":"<p>T\u00fcrkiye\u2019nin g\u00f6zde turizm kentleri aras\u0131nda yer alan Didim\u2019de yaz sezonunun ba\u015flamas\u0131 ile ka\u00e7ak ve izinsiz imalat yapmas\u0131 nedeniyle m\u00fch\u00fcrlenen ve bu sebeple i\u015fyeri a\u00e7ma ruhsat\u0131 iptal edilen, ruhsats\u0131z olarak faaliyet g\u00f6steren otel, Didim Belediyesi ekiplerince m\u00fch\u00fcrlendi. Alt\u0131nkum Mahallesi\u2019nde ge\u00e7erli bir \u00e7al\u0131\u015fma ruhsat\u0131 olmay\u0131p, bina \u00e7at\u0131 \u00f6rt\u00fcs\u00fcn\u00fcn kald\u0131r\u0131l\u0131p betonarme tabliye yap\u0131larak ka\u00e7ak bir kat yap\u0131ld\u0131\u011f\u0131, yap\u0131lan&#8230;<\/p>\n","protected":false},"author":1,"featured_media":38254,"comment_status":"open","ping_status":"open","sticky":false,"template":"","format":"standard","meta":{"_crdt_document":"","footnotes":""},"categories":[1],"tags":[],"class_list":["post-38253","post","type-post","status-publish","format-standard","has-post-thumbnail","hentry","category-guncel"],"_links":{"self":[{"href":"https:\/\/www.egemtv.com\/index.php?rest_route=\/wp\/v2\/posts\/38253","targetHints":{"allow":["GET"]}}],"collection":[{"href":"https:\/\/www.egemtv.com\/index.php?rest_route=\/wp\/v2\/posts"}],"about":[{"href":"https:\/\/www.egemtv.com\/index.php?rest_route=\/wp\/v2\/types\/post"}],"author":[{"embeddable":true,"href":"https:\/\/www.egemtv.com\/index.php?rest_route=\/wp\/v2\/users\/1"}],"replies":[{"embeddable":true,"href":"https:\/\/www.egemtv.com\/index.php?rest_route=%2Fwp%2Fv2%2Fcomments&post=38253"}],"version-history":[{"count":1,"href":"https:\/\/www.egemtv.com\/index.php?rest_route=\/wp\/v2\/posts\/38253\/revisions"}],"predecessor-version":[{"id":38255,"href":"https:\/\/www.egemtv.com\/index.php?rest_route=\/wp\/v2\/posts\/38253\/revisions\/38255"}],"wp:featuredmedia":[{"embeddable":true,"href":"https:\/\/www.egemtv.com\/index.php?rest_route=\/wp\/v2\/media\/38254"}],"wp:attachment":[{"href":"https:\/\/www.egemtv.com\/index.php?rest_route=%2Fwp%2Fv2%2Fmedia&parent=38253"}],"wp:term":[{"taxonomy":"category","embeddable":true,"href":"https:\/\/www.egemtv.com\/index.php?rest_route=%2Fwp%2Fv2%2Fcategories&post=38253"},{"taxonomy":"post_tag","embeddable":true,"href":"https:\/\/www.egemtv.com\/index.php?rest_route=%2Fwp%2Fv2%2Ftags&post=38253"}],"curies":[{"name":"wp","href":"https:\/\/api.w.org\/{rel}","templated":true}]}}