{"id":38250,"date":"2025-06-27T16:36:35","date_gmt":"2025-06-27T13:36:35","guid":{"rendered":"https:\/\/www.egemtv.com\/?p=38250"},"modified":"2025-06-27T16:36:39","modified_gmt":"2025-06-27T13:36:39","slug":"baskan-cercioglu-aydin-icin-24-saat-sahadayiz","status":"publish","type":"post","link":"https:\/\/www.egemtv.com\/?p=38250","title":{"rendered":"Ba\u015fkan \u00c7er\u00e7io\u011flu: &#8220;Ayd\u0131n i\u00e7in 24 saat sahaday\u0131z&#8221;"},"content":{"rendered":"<p>Ayd\u0131n B\u00fcy\u00fck\u015fehir Belediyesi, kent genelinde gece g\u00fcnd\u00fcz demeden hayata ge\u00e7irdi\u011fi temizlik \u00e7al\u0131\u015fmalar\u0131na devam ediyor. B\u00fcy\u00fck\u015fehir Belediyesi \u00c7evre Koruma ve Kontrol Dairesi Ba\u015fkanl\u0131\u011f\u0131 ekipleri, Ayd\u0131n\u2019\u0131n d\u00f6rt bir yan\u0131nda 24 saat temizlik \u00e7al\u0131\u015fmalar\u0131 ger\u00e7ekle\u015ftiriyor.<br \/>\n<br \/>Caddeler, bulvarlar ve ortak kullan\u0131m alanlar\u0131 rutin programlar kapsam\u0131nda d\u00fczenli olarak temizleniyor. Ayd\u0131nl\u0131lar\u0131n tertemiz bir g\u00fcne ba\u015flamas\u0131 i\u00e7in mesai mefhumu g\u00f6zetmeden sahada olan ekiplerin \u00e7al\u0131\u015fmalar\u0131 vatanda\u015flar taraf\u0131ndan da takdirle kar\u015f\u0131lan\u0131yor.<br \/>\n<br \/>\u00c7al\u0131\u015fmalar\u0131n s\u00fcrece\u011fini belirten Ayd\u0131n B\u00fcy\u00fck\u015fehir Belediye Ba\u015fkan\u0131 \u00d6zlem \u00c7er\u00e7io\u011flu, &#8220;Vatanda\u015flar\u0131m\u0131z\u0131n her sabah temiz, sa\u011fl\u0131kl\u0131 ve d\u00fczenli bir kentte uyanmas\u0131 i\u00e7in t\u00fcm ekiplerimizle sahaday\u0131z. Gece g\u00fcnd\u00fcz demeden \u00e7al\u0131\u015f\u0131yoruz. Kentimizi temiz tutmak bizim g\u00f6revimiz, korumak ise hepimizin sorumlulu\u011fu. T\u00fcm hem\u015fehrilerimizi \u00e7evreye kar\u015f\u0131 daha duyarl\u0131 olmaya davet ediyorum&#8221; ifadelerini kulland\u0131.<br \/><\/p>\n","protected":false},"excerpt":{"rendered":"<p>Ayd\u0131n B\u00fcy\u00fck\u015fehir Belediyesi, kent genelinde gece g\u00fcnd\u00fcz demeden hayata ge\u00e7irdi\u011fi temizlik \u00e7al\u0131\u015fmalar\u0131na devam ediyor. B\u00fcy\u00fck\u015fehir Belediyesi \u00c7evre Koruma ve Kontrol Dairesi Ba\u015fkanl\u0131\u011f\u0131 ekipleri, Ayd\u0131n\u2019\u0131n d\u00f6rt bir yan\u0131nda 24 saat temizlik \u00e7al\u0131\u015fmalar\u0131 ger\u00e7ekle\u015ftiriyor. Caddeler, bulvarlar ve ortak kullan\u0131m alanlar\u0131 rutin programlar kapsam\u0131nda d\u00fczenli olarak temizleniyor. Ayd\u0131nl\u0131lar\u0131n tertemiz bir g\u00fcne ba\u015flamas\u0131 i\u00e7in mesai mefhumu g\u00f6zetmeden sahada olan&#8230;<\/p>\n","protected":false},"author":1,"featured_media":38251,"comment_status":"open","ping_status":"open","sticky":false,"template":"","format":"standard","meta":{"_crdt_document":"","footnotes":""},"categories":[1],"tags":[],"class_list":["post-38250","post","type-post","status-publish","format-standard","has-post-thumbnail","hentry","category-guncel"],"_links":{"self":[{"href":"https:\/\/www.egemtv.com\/index.php?rest_route=\/wp\/v2\/posts\/38250","targetHints":{"allow":["GET"]}}],"collection":[{"href":"https:\/\/www.egemtv.com\/index.php?rest_route=\/wp\/v2\/posts"}],"about":[{"href":"https:\/\/www.egemtv.com\/index.php?rest_route=\/wp\/v2\/types\/post"}],"author":[{"embeddable":true,"href":"https:\/\/www.egemtv.com\/index.php?rest_route=\/wp\/v2\/users\/1"}],"replies":[{"embeddable":true,"href":"https:\/\/www.egemtv.com\/index.php?rest_route=%2Fwp%2Fv2%2Fcomments&post=38250"}],"version-history":[{"count":1,"href":"https:\/\/www.egemtv.com\/index.php?rest_route=\/wp\/v2\/posts\/38250\/revisions"}],"predecessor-version":[{"id":38252,"href":"https:\/\/www.egemtv.com\/index.php?rest_route=\/wp\/v2\/posts\/38250\/revisions\/38252"}],"wp:featuredmedia":[{"embeddable":true,"href":"https:\/\/www.egemtv.com\/index.php?rest_route=\/wp\/v2\/media\/38251"}],"wp:attachment":[{"href":"https:\/\/www.egemtv.com\/index.php?rest_route=%2Fwp%2Fv2%2Fmedia&parent=38250"}],"wp:term":[{"taxonomy":"category","embeddable":true,"href":"https:\/\/www.egemtv.com\/index.php?rest_route=%2Fwp%2Fv2%2Fcategories&post=38250"},{"taxonomy":"post_tag","embeddable":true,"href":"https:\/\/www.egemtv.com\/index.php?rest_route=%2Fwp%2Fv2%2Ftags&post=38250"}],"curies":[{"name":"wp","href":"https:\/\/api.w.org\/{rel}","templated":true}]}}